{"id":250374,"date":"2025-12-07T22:02:10","date_gmt":"2025-12-07T22:02:10","guid":{"rendered":"https:\/\/www.europesays.com\/it\/250374\/"},"modified":"2025-12-07T22:02:10","modified_gmt":"2025-12-07T22:02:10","slug":"iran-le-maratonete-senza-velo-eravamo-in-2000-non-potete-fermarci-tutte","status":"publish","type":"post","link":"https:\/\/www.europesays.com\/it\/250374\/","title":{"rendered":"Iran, le maratonete senza velo: \u00abEravamo in 2000, non potete fermarci tutte\u00bb"},"content":{"rendered":"<p>    di<br \/>\n    Greta Privitera<\/p>\n<p class=\"summary-art is-line-h-12\">Gli ayatollah: \u00abLa maratona a Kish \u00e8 stato un spettacolo indecente, senza controllo\u00bb<\/p>\n<p class=\"chapter-paragraph\">Centinaia di capi scoperti. Centinaia di code, di trecce nere che ondeggiano libere. Bisogna scrutare con attenzione i video della fiumana che taglia il via della <b>maratona di Kish<\/b> per scovare un <b>hijab<\/b>. C\u2019\u00e8 qualche fascia che ferma frangette ribelli, qualche cappellino da baseball portato all\u2019indietro,  m<b>a pochissimi i veli a coprire le chiome delle duemila iraniane che venerd\u00ec hanno preso parte alla maratona sull\u2019isola nel Golfo Persico<\/b>. \u00abUna \u201cimmorale\u201d la puoi arrestare, ma duemila non \u00e8 cos\u00ec facile\u00bb, ci scrive Ghazaleh, giovane professoressa  di Teheran. Non ha partecipato alla gara che tanto ha fatto infuriare gli ayatollah e i loro seguaci, ma sono due anni che corre per le strade della capitale a testa libera. Dice: \u00abNon sanno pi\u00f9 come fermarci\u00bb.<\/p>\n<p class=\"chapter-paragraph\">Gli uomini di <b>Ali Khamenei<\/b>, sorpresi e sconcertati dall\u2019affronto senza precedenti, sui giornali di regime condannano la \u00abscandalosa competizione\u00bb, che qualche integralista indignato sui social chiama \u00abLas Vegas della corsa\u00bb.  <b>Confusi sul da farsi, i giudici fanno partire gli  arresti.<\/b> I primi a \u00abpagarla\u00bb sono <b>due organizzatori della maratona <\/b>colpevoli di non essere riusciti a fare rispettare le leggi morali che governano la Repubblica Islamica. E balbettano: \u00abPer dirla tutta noi avremmo avvertito che era fondamentale osservare le regole d\u2019abbigliamento\u00bb. Ma la procura di Kish non perdona:<b> \u00ab\u00c8 stato indecente il modo in cui si \u00e8 svolto l\u2019evento\u00bb<\/b>. L\u2019agenzia di stampa ultra conservatrice Tasnim critica \u00abl\u2019assenza totale di controllo e il mancato rispetto dei codici a parte di un numero significativo di partecipanti\u00bb.    &#13;<br \/>\n&#13;<br \/>\n&#13;<br \/>\n&#13;<br \/>\n&#13;<br \/>\n&#13;<br \/>\n&#13;<br \/>\n&#13;<br \/>\n&#13;<br \/>\n&#13;<br \/>\n&#13;<br \/>\n&#13;<br \/>\n&#13;<br \/>\n&#13;<br \/>\n&#13;<br \/>\n&#13;<br \/>\n&#13;<br \/>\n&#13;<br \/>\n&#13;<br \/>\n&#13;<br \/>\n&#13;<br \/>\n&#13;<br \/>\n&#13;<br \/>\n&#13;<br \/>\n&#13;<br \/>\n&#13;<br \/>\n&#13;<br \/>\n&#13;<br \/>\n&#13;<br \/>\n&#13;<br \/>\n&#13;<br \/>\n&#13;<br \/>\n&#13;<br \/>\n&#13;<br \/>\n&#13;<br \/>\n&#13;<br \/>\n&#13;<br \/>\n&#13;<br \/>\n&#13;<br \/>\n&#13;<br \/>\n&#13;<br \/>\n&#13;<br \/>\n&#13;<br \/>\n&#13;<br \/>\n&#13;<br \/>\n&#13;<br \/>\n&#13;<br \/>\n&#13;<br \/>\n&#13;<br \/>\n&#13;<br \/>\n&#13;<br \/>\n&#13;<br \/>\n&#13;\n<\/p>\n<p class=\"chapter-paragraph\"><b>Ghazaleh crede che non si fermeranno ai due arresti:<\/b> \u00abI loro scagnozzi staranno studiando  i profili social per capire chi  altro punire. Staranno cercando le persone con  pi\u00f9 follower perch\u00e9 la vendetta sia rumorosa. Poi, smetteranno di parlarne, come \u00e8 successo con l\u2019ultimo caso del concerto all\u2019aperto a Teheran. Anche l\u00ec si cantava e ballava a capo scoperto: io c\u2019ero\u00bb.<\/p>\n<p class=\"chapter-paragraph\">Le  ragazze iraniane  sanno come funziona. Conoscono a memoria i rischi che corrono quando sfidano le leggi medievali della dittatura.<b> E a Kish \u2014 come per le strade di Teheran, di Isfahan, di Tabriz \u2014  hanno affrontato gli ayatollah  sul solito fronte, quello  pi\u00f9 caldo: il velo.<\/b> Queste giovani donne sembrano avere sempre meno paura delle autorit\u00e0 che governano il Paese. \u00c8 dall\u2019uccisione di Mahsa Jina Amini, dal 2022, che la lotta del  movimento Donna, Vita, Libert\u00e0  \u00e8 diventata una rivoluzione in grado di cambiare le regole del gioco. \u00abUna rivoluzione che non  ha fatto  cadere il regime\u00bb, dicono i pessimisti,  ma ha stravolto la societ\u00e0. Ha liberato le  ragazze, e, soprattutto, ha  \u00abconvertito\u00bb i padri, i fratelli, gli amici. Gli unici a rimanere immobili sono   coloro che detengono il potere e che tremano all\u2019idea di perderlo.<\/p>\n<p class=\"chapter-paragraph\">Amir ha 25 anni e venerd\u00ec  correva sull\u2019isola di Kish: \u00ab\u00c8 stato bello vedere cos\u00ec tante donne senza velo. <b>Le nostre sorelle sono coraggiose e noi le sosteniamo<\/b>\u00bb. Erano tremila gli uomini che hanno partecipato alla quinta edizione della maratona. Correvano separati dalle atlete, \u00abma poi abbiamo festeggiato insieme\u00bb.<\/p>\n<p class=\"chapter-paragraph\">I legislatori hanno accusato la magistratura di non far  rispettare la legge sull\u2019hijab. Il capo della Corte suprema Gholamhossein Mohseni Ejei ha chiesto un\u2019applicazione pi\u00f9 rigorosa e intanto  il presidente  cosiddetto riformista Masoud Pezeshkian si \u00e8  rifiutato di ratificare un disegno di legge che avrebbe imposto sanzioni pi\u00f9 severe per le donne.  <b>Il governo, indebolito dalla Guerra dei dodici giorni con Israele, da un\u2019economia a pezzi<\/b> e da una siccit\u00e0 senza precedenti, \u00e8 accusato dalle frange pi\u00f9 conservatrici di lassismo: le lotte interne debilitano il potere. <br \/>\u00abNon ci fanno pi\u00f9 paura, li combattiamo su ogni fronte. Anche lo sport qui \u00e8 politica\u00bb, continua Ghazaleh. In Iran alle donne \u00e8 vietato andare in bicicletta e nuotare in pubblico. Sono vietati gli stadi ed  \u00e8   proibito giocare a biliardo<\/p>\n<p class=\"is-last-update\" datetime=\"2025-12-07T22:43:10+01:00\">7 dicembre 2025<\/p>\n<p class=\"is-copyright\">\n            \u00a9 RIPRODUZIONE RISERVATA\n        <\/p>\n","protected":false},"excerpt":{"rendered":"di Greta Privitera Gli ayatollah: \u00abLa maratona a Kish \u00e8 stato un spettacolo indecente, senza controllo\u00bb Centinaia di&hellip;\n","protected":false},"author":3,"featured_media":250375,"comment_status":"","ping_status":"","sticky":false,"template":"","format":"standard","meta":{"footnotes":""},"categories":[1456],"tags":[8435,147512,147513,5623,147514,147515,147516,147517,19649,107659,777,3844,1824,2575,1825,2429,10386,147507,1346,147506,147508,31508,147509,764,147510,10714,1537,90,89,147505,1207,3266,15344,147511,2378,5238,2428,4566,3181,4309,6897,7318,2718,16865,1686,245,244,389,993,4412,22810,8434],"class_list":{"0":"post-250374","1":"post","2":"type-post","3":"status-publish","4":"format-standard","5":"has-post-thumbnail","7":"category-ciclismo","8":"tag-abbigliamento","9":"tag-abbigliamento-procura","10":"tag-abbigliamento-procura-kish","11":"tag-accusato","12":"tag-accusato-frange","13":"tag-accusato-frange-conservatrici","14":"tag-accusato-magistratura","15":"tag-accusato-magistratura-far","16":"tag-arresti","17":"tag-ayatollah","18":"tag-capo","19":"tag-centinaia","20":"tag-ciclismo","21":"tag-controllo","22":"tag-cycling","23":"tag-donne","24":"tag-duemila","25":"tag-fermarci","26":"tag-fronte","27":"tag-ghazaleh","28":"tag-governano","29":"tag-hijab","30":"tag-indecente","31":"tag-iran","32":"tag-iraniane","33":"tag-isola","34":"tag-it","35":"tag-italia","36":"tag-italy","37":"tag-kish","38":"tag-legge","39":"tag-leggi","40":"tag-maratona","41":"tag-maratona-kish","42":"tag-partecipato","43":"tag-paura","44":"tag-potere","45":"tag-precedenti","46":"tag-ragazze","47":"tag-regime","48":"tag-regole","49":"tag-rispettare","50":"tag-rivoluzione","51":"tag-sanno","52":"tag-social","53":"tag-sport","54":"tag-sports","55":"tag-strade","56":"tag-teheran","57":"tag-uomini","58":"tag-velo","59":"tag-venerdi"},"share_on_mastodon":{"url":"","error":""},"_links":{"self":[{"href":"https:\/\/www.europesays.com\/it\/wp-json\/wp\/v2\/posts\/250374","targetHints":{"allow":["GET"]}}],"collection":[{"href":"https:\/\/www.europesays.com\/it\/wp-json\/wp\/v2\/posts"}],"about":[{"href":"https:\/\/www.europesays.com\/it\/wp-json\/wp\/v2\/types\/post"}],"author":[{"embeddable":true,"href":"https:\/\/www.europesays.com\/it\/wp-json\/wp\/v2\/users\/3"}],"replies":[{"embeddable":true,"href":"https:\/\/www.europesays.com\/it\/wp-json\/wp\/v2\/comments?post=250374"}],"version-history":[{"count":0,"href":"https:\/\/www.europesays.com\/it\/wp-json\/wp\/v2\/posts\/250374\/revisions"}],"wp:featuredmedia":[{"embeddable":true,"href":"https:\/\/www.europesays.com\/it\/wp-json\/wp\/v2\/media\/250375"}],"wp:attachment":[{"href":"https:\/\/www.europesays.com\/it\/wp-json\/wp\/v2\/media?parent=250374"}],"wp:term":[{"taxonomy":"category","embeddable":true,"href":"https:\/\/www.europesays.com\/it\/wp-json\/wp\/v2\/categories?post=250374"},{"taxonomy":"post_tag","embeddable":true,"href":"https:\/\/www.europesays.com\/it\/wp-json\/wp\/v2\/tags?post=250374"}],"curies":[{"name":"wp","href":"https:\/\/api.w.org\/{rel}","templated":true}]}}