{"id":250380,"date":"2025-12-07T22:07:15","date_gmt":"2025-12-07T22:07:15","guid":{"rendered":"https:\/\/www.europesays.com\/it\/250380\/"},"modified":"2025-12-07T22:07:15","modified_gmt":"2025-12-07T22:07:15","slug":"george-clooney-e-brad-pitt-il-ruolo-che-rischio-di-dividerli-prima-ancora-di-unirli","status":"publish","type":"post","link":"https:\/\/www.europesays.com\/it\/250380\/","title":{"rendered":"George Clooney e Brad Pitt, il ruolo che rischi\u00f2 di dividerli prima ancora di unirli"},"content":{"rendered":"<p>\n                            Il punto serale sulle notizie del giorno<br \/>\n                            <b>Iscriviti<\/b> e ricevi le notizie via email\n                        <\/p>\n<p><a href=\"https:\/\/www.ilmessaggero.it\/t\/brad-pitt\" rel=\"nofollow noopener\" target=\"_blank\">Brad Pitt<\/a> e <a href=\"https:\/\/www.ilmessaggero.it\/t\/george-clooney\" rel=\"nofollow noopener\" target=\"_blank\">George Clooney<\/a> condividono una delle amicizie pi\u00f9 solide del cinema hollywoodiano. Nel corso degli anni hanno collaborato in diversi titoli diventati cult e, in pi\u00f9 occasioni, hanno condiviso il red carpet sostenendosi a vicenda. Non \u00e8 raro vederli affiatati anche con le rispettive dolci met\u00e0, <a href=\"https:\/\/www.ilmessaggero.it\/t\/amal-clooney\" rel=\"nofollow noopener\" target=\"_blank\">Amal Clooney<\/a> e <a href=\"https:\/\/www.ilmessaggero.it\/t\/ines-de-ramon\" rel=\"nofollow noopener\" target=\"_blank\">Ines de Ramon<\/a>. Eppure il loro rapporto avrebbe potuto non sbocciare mai: tutto, paradossalmente, rischi\u00f2 di fermarsi prima ancora di cominciare per colpa di un film.<\/p>\n<p>&#13;<br \/>\n    APPROFONDIMENTI&#13;<\/p>\n<p>&#13;<\/p>\n<p>                <a href=\"https:\/\/www.ilmessaggero.it\/persone\/callum_turner_chi_e_james_bond_fidanzato_dua_lipa_007_cosa_sappiamo_carriera-9224467.html\" title=\"Callum Turner sar\u00e0 il nuovo James Bond?\" rel=\"nofollow noopener\" target=\"_blank\"><img loading=\"lazy\" decoding=\"async\" src=\"https:\/\/www.europesays.com\/it\/wp-content\/uploads\/2025\/12\/1765145235_475_9224467_03164716_callum_turner_30193455.jpg\" title=\"Callum Turner sar\u00e0 il nuovo James Bond?\" width=\"64\" height=\"64\" data-pagespeed-no-transform=\"\"\/><\/a>            <\/p>\n<p>    &#13;<\/p>\n<p>&#13;<\/p>\n<p>                <a href=\"https:\/\/www.ilmessaggero.it\/persone\/george_clooney_figli_vita_segreta_star_hollywood_cosa_ha_detto_ultime_notizie-9214543.html\" title=\"George Clooney, la vita segreta di un pap\u00e0 star\" rel=\"nofollow noopener\" target=\"_blank\"><img loading=\"lazy\" decoding=\"async\" src=\"https:\/\/www.europesays.com\/it\/wp-content\/uploads\/2025\/12\/1765145235_449_9214543_27162632_clooney_1.jpg\" title=\"George Clooney, la vita segreta di un pap\u00e0 star\" width=\"64\" height=\"64\" data-pagespeed-no-transform=\"\"\/><\/a>            <\/p>\n<p>    &#13;<\/p>\n<p>    &#13;<\/p>\n<p>Il ruolo conteso <\/p>\n<p>Thelma &amp; Louise avrebbe potuto far scoppiare la coppia di amici prima della nascita dell\u2019amicizia. <\/p>\n<p>Clooney e Pitt furono infatti rivali per quel progetto, come ha rivelato lo stesso Clooney in un\u2019intervista a The Sunday Times durante la promozione di Jay Kelly. All\u2019epoca Brad Pitt era ancora agli inizi della carriera cinematografica, mentre Clooney aveva gi\u00e0 conquistato popolarit\u00e0 sul piccolo schermo interpretando il dottor Doug Ross in ER. Entrambi si presentarono ai casting per il film di Ridley Scott e puntavano allo stesso ruolo destinato a diventare una svolta decisiva.Cosa successe <\/p>\n<p>Clooney racconta cos\u00ec la vittoria di Pitt: \u00abNon ho guardato Thelma &amp; Louise per anni perch\u00e9 mi infastidiva. Quel ruolo ha lanciato la sua carriera cinematografica. Prima faceva sitcom e cose del genere, ed \u00e8 ci\u00f2 che avrebbe potuto lanciare anche me\u00bb. E a quanto pare la \u201cferita\u201d non si \u00e8 mai rimarginata del tutto. Con ironia, l\u2019attore ammette: \u00abOh s\u00ec, mi fa arrabbiare. Ma, ovviamente, quando l\u2019ho visto, ho pensato: beh, doveva essere lui\u00bb.<\/p>\n<p>L\u2019unione <\/p>\n<p>Passa circa un decennio e i due si ritrovano finalmente dalla stessa parte, sul set di Ocean\u2019s Eleven, insieme a Julia Roberts, Matt Damon, Casey Affleck e Bernie Mac. Il film segna l\u2019inizio di una trilogia, ma anche di una lunga scia di lavori e apparizioni condivise che arriveranno fino a Wolfs. Nel 2024 Pitt e Clooney avevano rilasciato un\u2019intervista congiunta a GQ. Clooney aveva spiegato: \u00abSiamo amici da molto tempo. Ed \u00e8 divertente perch\u00e9 ogni tanto ci facciamo dei piccoli controlli a vicenda, il che \u00e8 una parte importante. Nella vita le cose si complicano e bisogna sempre assicurarsi che tutti stiano bene\u00bb. Pitt aveva aggiunto: \u00abGeorge \u00e8 probabilmente il migliore nel capire, nel vedere la scacchiera e le possibili mosse. Chiamo George in numerose occasioni quando le cose si mettono male\u00bb.<\/p>\n<p>&#13;<br \/>\n                            \u00a9 RIPRODUZIONE RISERVATA&#13;<\/p>\n<p>&#13;<\/p>\n","protected":false},"excerpt":{"rendered":"Il punto serale sulle notizie del giorno Iscriviti e ricevi le notizie via email Brad Pitt e George&hellip;\n","protected":false},"author":3,"featured_media":250381,"comment_status":"","ping_status":"","sticky":false,"template":"","format":"standard","meta":{"footnotes":""},"categories":[1451],"tags":[2913,1621,1620,203,31723,204,1537,90,89],"class_list":{"0":"post-250380","1":"post","2":"type-post","3":"status-publish","4":"format-standard","5":"has-post-thumbnail","7":"category-celebrita","8":"tag-brad-pitt","9":"tag-celebrita","10":"tag-celebrities","11":"tag-entertainment","12":"tag-george-clooney","13":"tag-intrattenimento","14":"tag-it","15":"tag-italia","16":"tag-italy"},"share_on_mastodon":{"url":"https:\/\/pubeurope.com\/@it\/115680565582455400","error":""},"_links":{"self":[{"href":"https:\/\/www.europesays.com\/it\/wp-json\/wp\/v2\/posts\/250380","targetHints":{"allow":["GET"]}}],"collection":[{"href":"https:\/\/www.europesays.com\/it\/wp-json\/wp\/v2\/posts"}],"about":[{"href":"https:\/\/www.europesays.com\/it\/wp-json\/wp\/v2\/types\/post"}],"author":[{"embeddable":true,"href":"https:\/\/www.europesays.com\/it\/wp-json\/wp\/v2\/users\/3"}],"replies":[{"embeddable":true,"href":"https:\/\/www.europesays.com\/it\/wp-json\/wp\/v2\/comments?post=250380"}],"version-history":[{"count":0,"href":"https:\/\/www.europesays.com\/it\/wp-json\/wp\/v2\/posts\/250380\/revisions"}],"wp:featuredmedia":[{"embeddable":true,"href":"https:\/\/www.europesays.com\/it\/wp-json\/wp\/v2\/media\/250381"}],"wp:attachment":[{"href":"https:\/\/www.europesays.com\/it\/wp-json\/wp\/v2\/media?parent=250380"}],"wp:term":[{"taxonomy":"category","embeddable":true,"href":"https:\/\/www.europesays.com\/it\/wp-json\/wp\/v2\/categories?post=250380"},{"taxonomy":"post_tag","embeddable":true,"href":"https:\/\/www.europesays.com\/it\/wp-json\/wp\/v2\/tags?post=250380"}],"curies":[{"name":"wp","href":"https:\/\/api.w.org\/{rel}","templated":true}]}}