{"id":250427,"date":"2025-12-07T22:47:11","date_gmt":"2025-12-07T22:47:11","guid":{"rendered":"https:\/\/www.europesays.com\/it\/250427\/"},"modified":"2025-12-07T22:47:11","modified_gmt":"2025-12-07T22:47:11","slug":"in-manette-per-corruzione-il-primario-roberto-palumbo-e-limprenditore-maurizio-terra","status":"publish","type":"post","link":"https:\/\/www.europesays.com\/it\/250427\/","title":{"rendered":"in manette per corruzione il primario Roberto Palumbo e l&#8217;imprenditore Maurizio Terra"},"content":{"rendered":"<p>Il direttore del reparto di Nefrologia e Dialisi dell&#8217;ospedale Sant&#8217;Eugenio, Roberto Palumbo, \u00e8 stato arrestato insieme all&#8217;imprenditore Maurizio Terra, del settore delle cliniche private, con l&#8217;accusa di corruzione.<\/p>\n<p>Arrestato un primario del Sant&#8217;Eugenio\u00a0<\/p>\n<p>Palumbo e Terra sono stati fermati dal reparto anticorruzione della squadra mobile della polizia di Stato il 5 dicembre, mentre si trovavano insieme nei dintorni della Regione Lazio. Gli agenti sono intervenuti proprio nel momento in cui, all&#8217;interno di un&#8217;auto nelle disponibilit\u00e0 di Palumbo, quest&#8217;ultimo riceveva 3mila euro in banconote da 100 e 50 euro.\u00a0<\/p>\n<p>L&#8217;indagine per corruzione<\/p>\n<p>L&#8217;arresto arriva al culmine di un&#8217;indagine, coordinata dalla Procura di Roma, su un ampio giro di presunta corruzione che coinvolgerebbe Roberto Palumbo, Maurizio Terra e altri imprenditori e figure professionali nel settore delle cliniche private convenzionate. In cambio di denaro, il primario dell&#8217;ospedale dell&#8217;Eur avrebbe indirizzato pazienti dimessi verso le cliniche di propriet\u00e0 dell&#8217;imprenditore.\u00a0<\/p>\n<p>Per Palumbo \u00e8 stata disposta la custodia cautelare in carcere, mentre per Terra \u00e8 stata disposta la misura degli arresti domiciliari, in attesa della convalida da parte dell&#8217;Autorit\u00e0 Giudiziaria.\u00a0<\/p>\n<p>Chi \u00e8 Palumbo<\/p>\n<p>Il medico, noto nell&#8217;ambiente della sanit\u00e0 pubblica e privata per la sua attivit\u00e0 nel campo della nefrologia e della dialisi, dal 2016 \u00e8 coordinatore dell&#8217;area medica per intensit\u00e0 di cura del Sant&#8217;Eugenio. Da anni \u00e8 impegnato anche in collaborazione con la Regione Lazio per i problemi della nefrologia regionale, ed \u00e8 gi\u00e0 componente della commissione regionale di vigilanza sull&#8217;emodialisi e del coordinamento regionale della Rete Nefrologica Ospedale-Territorio.\u00a0<\/p>\n<p>Chi \u00e8 Terra<\/p>\n<p>Maurizio Terra, classe 1968, originario di Avezzano in provincia de L&#8217;Aquila, risulta essere amministratore unico della del centro dialisi \u201cDialeur\u201d, fornitore di materiale medico e strumentazione.\u00a0<\/p>\n<p>\u00a0<\/p>\n","protected":false},"excerpt":{"rendered":"Il direttore del reparto di Nefrologia e Dialisi dell&#8217;ospedale Sant&#8217;Eugenio, Roberto Palumbo, \u00e8 stato arrestato insieme all&#8217;imprenditore Maurizio&hellip;\n","protected":false},"author":3,"featured_media":250428,"comment_status":"","ping_status":"","sticky":false,"template":"","format":"standard","meta":{"footnotes":""},"categories":[79],"tags":[19649,5621,14,93,94,1537,90,89,7,15,11,84,91,12,85,92],"class_list":{"0":"post-250427","1":"post","2":"type-post","3":"status-publish","4":"format-standard","5":"has-post-thumbnail","7":"category-italia","8":"tag-arresti","9":"tag-corruzione","10":"tag-cronaca","11":"tag-cronaca-italiana","12":"tag-cronacaitaliana","13":"tag-it","14":"tag-italia","15":"tag-italy","16":"tag-news","17":"tag-notizie","18":"tag-ultime-notizie","19":"tag-ultime-notizie-e-news-di-oggi","20":"tag-ultime-notizie-italia","21":"tag-ultimenotizie","22":"tag-ultimenotizieenewsdioggi","23":"tag-ultimenotizieitalia"},"share_on_mastodon":{"url":"https:\/\/pubeurope.com\/@it\/115680722719159638","error":""},"_links":{"self":[{"href":"https:\/\/www.europesays.com\/it\/wp-json\/wp\/v2\/posts\/250427","targetHints":{"allow":["GET"]}}],"collection":[{"href":"https:\/\/www.europesays.com\/it\/wp-json\/wp\/v2\/posts"}],"about":[{"href":"https:\/\/www.europesays.com\/it\/wp-json\/wp\/v2\/types\/post"}],"author":[{"embeddable":true,"href":"https:\/\/www.europesays.com\/it\/wp-json\/wp\/v2\/users\/3"}],"replies":[{"embeddable":true,"href":"https:\/\/www.europesays.com\/it\/wp-json\/wp\/v2\/comments?post=250427"}],"version-history":[{"count":0,"href":"https:\/\/www.europesays.com\/it\/wp-json\/wp\/v2\/posts\/250427\/revisions"}],"wp:featuredmedia":[{"embeddable":true,"href":"https:\/\/www.europesays.com\/it\/wp-json\/wp\/v2\/media\/250428"}],"wp:attachment":[{"href":"https:\/\/www.europesays.com\/it\/wp-json\/wp\/v2\/media?parent=250427"}],"wp:term":[{"taxonomy":"category","embeddable":true,"href":"https:\/\/www.europesays.com\/it\/wp-json\/wp\/v2\/categories?post=250427"},{"taxonomy":"post_tag","embeddable":true,"href":"https:\/\/www.europesays.com\/it\/wp-json\/wp\/v2\/tags?post=250427"}],"curies":[{"name":"wp","href":"https:\/\/api.w.org\/{rel}","templated":true}]}}