{"id":250439,"date":"2025-12-07T23:01:13","date_gmt":"2025-12-07T23:01:13","guid":{"rendered":"https:\/\/www.europesays.com\/it\/250439\/"},"modified":"2025-12-07T23:01:13","modified_gmt":"2025-12-07T23:01:13","slug":"napoli-juventus-conte-questi-ragazzi-sono-incredibili","status":"publish","type":"post","link":"https:\/\/www.europesays.com\/it\/250439\/","title":{"rendered":"Napoli-Juventus, Conte: &#8220;Questi ragazzi sono incredibili&#8221;"},"content":{"rendered":"<p>Tra i giocatori imprescindibili per il Napoli c&#8217;\u00e8, sicuramente, <strong>Scott McTominay<\/strong>, anche oggi protagonista di una grande partita: &#8220;Anche Scott, come tutti gli altri, sta\u00a0facendo qualcosa di straordinario a livello di presa di <strong>coscienza <\/strong>della situazione, di <strong>responsabilit\u00e0 <\/strong>e <strong>crescita<\/strong>: questo lo si vede in tutti i ragazzi. Vale anche per Elmas: era la prima volta che giocava in mezzo al campo. \u00c8 difficile trovare delle\u00a0parole: abbiamo giocato con Atalanta, Roma, Manchester City in Champions e Juventus, tre squadre molto forti, in grande emergenza, che continua. Ecco perch\u00e9 rimango <strong>sbalordito dall&#8217;entusiasmo e dall&#8217;energia<\/strong> che i ragazzi stanno mettendo&#8221;. Poi aggiunge in vista della sfida con il <strong>Benfica<\/strong>: &#8220;Ora c&#8217;\u00e8 da riposare perch\u00e9 poi giocheremo in Portogallo. <strong>Cercheremo di farlo un po&#8217; di pi\u00f9 alla lavagna<\/strong> perch\u00e9 questi ragazzi hanno bisogno di riposare&#8221;.<\/p>\n","protected":false},"excerpt":{"rendered":"Tra i giocatori imprescindibili per il Napoli c&#8217;\u00e8, sicuramente, Scott McTominay, anche oggi protagonista di una grande partita:&hellip;\n","protected":false},"author":3,"featured_media":250440,"comment_status":"","ping_status":"","sticky":false,"template":"","format":"standard","meta":{"footnotes":""},"categories":[1452],"tags":[721,1740,1537,90,89,1739,245,244],"class_list":{"0":"post-250439","1":"post","2":"type-post","3":"status-publish","4":"format-standard","5":"has-post-thumbnail","7":"category-calcio","8":"tag-calcio","9":"tag-football","10":"tag-it","11":"tag-italia","12":"tag-italy","13":"tag-soccer","14":"tag-sport","15":"tag-sports"},"share_on_mastodon":{"url":"https:\/\/pubeurope.com\/@it\/115680777742477537","error":""},"_links":{"self":[{"href":"https:\/\/www.europesays.com\/it\/wp-json\/wp\/v2\/posts\/250439","targetHints":{"allow":["GET"]}}],"collection":[{"href":"https:\/\/www.europesays.com\/it\/wp-json\/wp\/v2\/posts"}],"about":[{"href":"https:\/\/www.europesays.com\/it\/wp-json\/wp\/v2\/types\/post"}],"author":[{"embeddable":true,"href":"https:\/\/www.europesays.com\/it\/wp-json\/wp\/v2\/users\/3"}],"replies":[{"embeddable":true,"href":"https:\/\/www.europesays.com\/it\/wp-json\/wp\/v2\/comments?post=250439"}],"version-history":[{"count":0,"href":"https:\/\/www.europesays.com\/it\/wp-json\/wp\/v2\/posts\/250439\/revisions"}],"wp:featuredmedia":[{"embeddable":true,"href":"https:\/\/www.europesays.com\/it\/wp-json\/wp\/v2\/media\/250440"}],"wp:attachment":[{"href":"https:\/\/www.europesays.com\/it\/wp-json\/wp\/v2\/media?parent=250439"}],"wp:term":[{"taxonomy":"category","embeddable":true,"href":"https:\/\/www.europesays.com\/it\/wp-json\/wp\/v2\/categories?post=250439"},{"taxonomy":"post_tag","embeddable":true,"href":"https:\/\/www.europesays.com\/it\/wp-json\/wp\/v2\/tags?post=250439"}],"curies":[{"name":"wp","href":"https:\/\/api.w.org\/{rel}","templated":true}]}}