{"id":250492,"date":"2025-12-07T23:42:11","date_gmt":"2025-12-07T23:42:11","guid":{"rendered":"https:\/\/www.europesays.com\/it\/250492\/"},"modified":"2025-12-07T23:42:11","modified_gmt":"2025-12-07T23:42:11","slug":"bestie-in-azione-a-napoli-pietrate-sul-pullman-juve-mentre-entra-allo-stadio-2","status":"publish","type":"post","link":"https:\/\/www.europesays.com\/it\/250492\/","title":{"rendered":"Bestie in azione a Napoli, pietrate sul pullman Juve mentre entra allo stadio"},"content":{"rendered":"<p>La sfida tra <strong>Napoli e Juventus<\/strong> non \u00e8 una partita come le altre, ma una rivalit\u00e0 forte, quasi una sfida tra il nord e il sud. <strong>Se l&#8217;atmosfera in campo sar\u00e0 di certo tesa, i problemi sono iniziati ancor prima del fischio d&#8217;inizio<\/strong>. Mentre il <strong>pullman bianconero<\/strong> stava entrando nel Maradona, infatti, un <strong>nutrito gruppo di teppisti azzurri<\/strong> lo ha circondato, <strong>cominciando a lanciargli contro delle pietre e rompendo alcuni vetri<\/strong>. Un fatto gravissimo e che ha messo <strong>a rischio l&#8217;incolumit\u00e0 dei giocatori<\/strong> <strong>e dello staff.\u00a0<\/strong><\/p>\n<p>Napoli-Juventus, pietre contro il pullman bianconero: tragedia sfiorata<\/p>\n<p>Impossibile chiamare quei criminali tifosi. <strong>Una vera e propria tragedia sfiorata<\/strong> visto che se le pietre avessero colpito l&#8217;autista, avrebbe potuto perdere il controllo del mezzo. Un rischio grandissimo tanto per i giocatori bianconeri quanto per la gentaglia che ha lanciato le pietre. Basti pensare all&#8217;episodio simile successo poco tempo fa in una partita del Pistoia basket: <a href=\"https:\/\/www.tuttosport.com\/news\/basket\/2025\/10\/19-143921668\/sassi_contro_il_pullman_dei_tifosi_del_pistoia_basket_morto_l_autista\" rel=\"nofollow noopener\" target=\"_blank\"><strong>in quel caso a perdere la vita fu l&#8217;autista del pullman<\/strong><\/a>.<\/p>\n<p>Le parole di Chiellini<\/p>\n<p>A commentare l&#8217;episodio \u00e8 stato Giorgio <strong>Chiellini<\/strong>, che <a href=\"https:\/\/www.tuttosport.com\/news\/calcio\/serie-a\/juventus\/2025\/12\/07-145111087\/chiellini_stempera_a_napoli_non_mai_tranquillo_ma_siamo_abituati_a_ben_di_peggio\" rel=\"nofollow noopener\" target=\"_blank\">ai microfoni di Dazn nel pre partita<\/a> ha provato a stemperare la tensione: &#8220;<strong>Arrivo burrascoso? Eravamo abituati a ben di peggio, non ci lamentiamo. Potevamo evitare il passaggio in mezzo ai tifosi ma \u00e8 tutto tranquillo<\/strong>&#8220;.<\/p>\n<p>\u00a9 RIPRODUZIONE RISERVATA<a href=\"https:\/\/www.tuttosport.com\/calcio\/serie-a\/juventus\" class=\"Button_button__r_ga_\" rel=\"nofollow noopener\" target=\"_blank\">Tutte le news di Juventus<\/a><\/p>\n","protected":false},"excerpt":{"rendered":"La sfida tra Napoli e Juventus non \u00e8 una partita come le altre, ma una rivalit\u00e0 forte, quasi&hellip;\n","protected":false},"author":3,"featured_media":250226,"comment_status":"","ping_status":"","sticky":false,"template":"","format":"standard","meta":{"footnotes":""},"categories":[6],"tags":[14,8,1537,90,89,7,15,82,9,83,10,13,11,80,84,12,81,85],"class_list":{"0":"post-250492","1":"post","2":"type-post","3":"status-publish","4":"format-standard","5":"has-post-thumbnail","7":"category-ultime-notizie","8":"tag-cronaca","9":"tag-headlines","10":"tag-it","11":"tag-italia","12":"tag-italy","13":"tag-news","14":"tag-notizie","15":"tag-notizie-di-cronaca","16":"tag-notizie-principali","17":"tag-notiziedicronaca","18":"tag-notizieprincipali","19":"tag-titoli","20":"tag-ultime-notizie","21":"tag-ultime-notizie-di-cronaca","22":"tag-ultime-notizie-e-news-di-oggi","23":"tag-ultimenotizie","24":"tag-ultimenotiziedicronaca","25":"tag-ultimenotizieenewsdioggi"},"share_on_mastodon":{"url":"https:\/\/pubeurope.com\/@it\/115680938753189911","error":""},"_links":{"self":[{"href":"https:\/\/www.europesays.com\/it\/wp-json\/wp\/v2\/posts\/250492","targetHints":{"allow":["GET"]}}],"collection":[{"href":"https:\/\/www.europesays.com\/it\/wp-json\/wp\/v2\/posts"}],"about":[{"href":"https:\/\/www.europesays.com\/it\/wp-json\/wp\/v2\/types\/post"}],"author":[{"embeddable":true,"href":"https:\/\/www.europesays.com\/it\/wp-json\/wp\/v2\/users\/3"}],"replies":[{"embeddable":true,"href":"https:\/\/www.europesays.com\/it\/wp-json\/wp\/v2\/comments?post=250492"}],"version-history":[{"count":0,"href":"https:\/\/www.europesays.com\/it\/wp-json\/wp\/v2\/posts\/250492\/revisions"}],"wp:featuredmedia":[{"embeddable":true,"href":"https:\/\/www.europesays.com\/it\/wp-json\/wp\/v2\/media\/250226"}],"wp:attachment":[{"href":"https:\/\/www.europesays.com\/it\/wp-json\/wp\/v2\/media?parent=250492"}],"wp:term":[{"taxonomy":"category","embeddable":true,"href":"https:\/\/www.europesays.com\/it\/wp-json\/wp\/v2\/categories?post=250492"},{"taxonomy":"post_tag","embeddable":true,"href":"https:\/\/www.europesays.com\/it\/wp-json\/wp\/v2\/tags?post=250492"}],"curies":[{"name":"wp","href":"https:\/\/api.w.org\/{rel}","templated":true}]}}