{"id":250546,"date":"2025-12-08T00:35:10","date_gmt":"2025-12-08T00:35:10","guid":{"rendered":"https:\/\/www.europesays.com\/it\/250546\/"},"modified":"2025-12-08T00:35:10","modified_gmt":"2025-12-08T00:35:10","slug":"zelensky-martedi-a-roma-vedra-giorgia-meloni-la-decisione-dopo-una-telefonata-con-la-premier","status":"publish","type":"post","link":"https:\/\/www.europesays.com\/it\/250546\/","title":{"rendered":"Zelensky marted\u00ec a Roma, vedr\u00e0 Giorgia Meloni. La decisione dopo una telefonata con la premier"},"content":{"rendered":"<p>\n                            Il punto sui temi di attualit\u00e0, ogni luned\u00ec<br \/>\n                            <b>Iscriviti<\/b> e ricevi le notizie via email\n                        <\/p>\n<p>Marted\u00ec il presidente ucraino <strong><a href=\"https:\/\/www.ilmessaggero.it\/t\/volodymyr-zelensky\" rel=\"nofollow noopener\" target=\"_blank\">Volodymyr Zelensky<\/a><\/strong> sar\u00e0 a Roma. \u00c8 quanto risulta al Messaggero da fonti di governo.<\/p>\n<p>La decisione \u00e8 stata presa a seguito di una telefonata tra il leader ucraino e la premier <strong><a href=\"https:\/\/www.ilmessaggero.it\/t\/giorgia-meloni\" rel=\"nofollow noopener\" target=\"_blank\">Giorgia Meloni<\/a><\/strong> questa mattina.<\/p>\n<p>Zelensky marted\u00ec a Roma, vedr\u00e0 Giorgia Meloni <\/p>\n<p>Domani Zelensky \u00e8 atteso a Londra per un vertice con Regno Unito e Francia, riuniti nel formato E3, poi far\u00e0 tappa a Bruxelles per incontri di vertice con l&#8217;Ue e la Nato.<\/p>\n<p>&#13;<br \/>\n    APPROFONDIMENTI&#13;<br \/>\n    &#13;<\/p>\n<p>\u00abNel corso del colloquio, il Presidente Meloni ha innanzitutto voluto rinnovare la solidariet\u00e0 italiana a seguito di una nuova serie di attacchi indiscriminati russi contro obiettivi civili ucraini e ha annunciato al Presidente Zelensky l\u2019invio di forniture di emergenza a sostegno delle infrastrutture energetiche e della popolazione. <\/p>\n<p>I generatori forniti da aziende italiane verranno inviati in Ucraina gi\u00e0 nelle prossime settimane\u00bb, fanno sapere da Palazzo Chigi.<\/p>\n<p>\u00abIl Presidente Meloni ha inoltre nuovamente espresso sostegno al processo negoziale in corso e all\u2019impegno degli Stati Uniti per individuare un percorso che possa condurre a una pace giusta e duratura\u00bb.<\/p>\n<p>E ancora: \u00abFunzionale a tale percorso \u00e8 la reiterata disponibilit\u00e0 dell\u2019Ucraina a sedere in buona fede al tavolo negoziale. \u00c8 stato pertanto nuovamente ribadito l\u2019auspicio che da parte russa si manifesti analoga apertura\u00bb.<\/p>\n<p>&#13;<br \/>\n                            \u00a9 RIPRODUZIONE RISERVATA&#13;<\/p>\n<p>&#13;<\/p>\n","protected":false},"excerpt":{"rendered":"Il punto sui temi di attualit\u00e0, ogni luned\u00ec Iscriviti e ricevi le notizie via email Marted\u00ec il presidente&hellip;\n","protected":false},"author":3,"featured_media":250547,"comment_status":"","ping_status":"","sticky":false,"template":"","format":"standard","meta":{"footnotes":""},"categories":[79],"tags":[14,93,94,126,1537,90,89,7,15,11,84,91,12,85,92,4473,147575],"class_list":{"0":"post-250546","1":"post","2":"type-post","3":"status-publish","4":"format-standard","5":"has-post-thumbnail","7":"category-italia","8":"tag-cronaca","9":"tag-cronaca-italiana","10":"tag-cronacaitaliana","11":"tag-giorgia-meloni","12":"tag-it","13":"tag-italia","14":"tag-italy","15":"tag-news","16":"tag-notizie","17":"tag-ultime-notizie","18":"tag-ultime-notizie-e-news-di-oggi","19":"tag-ultime-notizie-italia","20":"tag-ultimenotizie","21":"tag-ultimenotizieenewsdioggi","22":"tag-ultimenotizieitalia","23":"tag-zelensky","24":"tag-zelensky-a-roma"},"share_on_mastodon":{"url":"https:\/\/pubeurope.com\/@it\/115681147213166804","error":""},"_links":{"self":[{"href":"https:\/\/www.europesays.com\/it\/wp-json\/wp\/v2\/posts\/250546","targetHints":{"allow":["GET"]}}],"collection":[{"href":"https:\/\/www.europesays.com\/it\/wp-json\/wp\/v2\/posts"}],"about":[{"href":"https:\/\/www.europesays.com\/it\/wp-json\/wp\/v2\/types\/post"}],"author":[{"embeddable":true,"href":"https:\/\/www.europesays.com\/it\/wp-json\/wp\/v2\/users\/3"}],"replies":[{"embeddable":true,"href":"https:\/\/www.europesays.com\/it\/wp-json\/wp\/v2\/comments?post=250546"}],"version-history":[{"count":0,"href":"https:\/\/www.europesays.com\/it\/wp-json\/wp\/v2\/posts\/250546\/revisions"}],"wp:featuredmedia":[{"embeddable":true,"href":"https:\/\/www.europesays.com\/it\/wp-json\/wp\/v2\/media\/250547"}],"wp:attachment":[{"href":"https:\/\/www.europesays.com\/it\/wp-json\/wp\/v2\/media?parent=250546"}],"wp:term":[{"taxonomy":"category","embeddable":true,"href":"https:\/\/www.europesays.com\/it\/wp-json\/wp\/v2\/categories?post=250546"},{"taxonomy":"post_tag","embeddable":true,"href":"https:\/\/www.europesays.com\/it\/wp-json\/wp\/v2\/tags?post=250546"}],"curies":[{"name":"wp","href":"https:\/\/api.w.org\/{rel}","templated":true}]}}