{"id":250599,"date":"2025-12-08T01:44:11","date_gmt":"2025-12-08T01:44:11","guid":{"rendered":"https:\/\/www.europesays.com\/it\/250599\/"},"modified":"2025-12-08T01:44:11","modified_gmt":"2025-12-08T01:44:11","slug":"liga-real-madrid-celta-vigo-0-2-williot-swedberg-fa-sorridere-anche-il-barcellona","status":"publish","type":"post","link":"https:\/\/www.europesays.com\/it\/250599\/","title":{"rendered":"Liga, Real Madrid-Celta Vigo 0-2: Williot Swedberg fa sorridere anche il Barcellona"},"content":{"rendered":"<p>                                Che sorpresa al Bernabeu. Protagonista l&#8217;ex portiere dell&#8217;Inter ma anche lo svedese. I Blancos chiudono in nove contro il prossimo avversario del Bologna in EL<\/p>\n<p>                    7 dicembre 2025 (modifica il 8 dicembre 2025 | 00:15)  &#8211; MADRID<\/p>\n<p class=\"paragraph\" spellcheck=\"true\">Che non si spaventi, o almeno non eccessivamente, Vincenzo Italiano. Che immaginiamo ieri abbia passato la serata a guardare il suo prossimo avversario europeo, il Celta, vincere 2-0 al Bernabeu. La squadra di Vigo ha ovviamente grandi meriti ma il Real Madrid di Xabi Alonso ha un sacco di problemi, e ieri sera sono emersi in tutto il loro preoccupante fulgore.\u00a0<\/p>\n<p>    Tanti fischi\u2014 \u00a0<\/p>\n<p class=\"paragraph is-inline\" spellcheck=\"true\">Il Bernabeu ha fischiato tanto, e a lungo, una squadra senza anima e con pochissimo calcio, aggrappata alle giocate individuali e alla luna dei suoi tanti crack e con i nervi a fior di pelle. Il Madrid ha chiuso in 9 per le espulsioni, entrambe per doppia ammonizione, di Fran Garcia al 64\u2019 e di Carreras al 92\u2019 (rosso anche a Endrick in panchina). Due rossi tanto meritati quanto sciocchi: il primo ha fatto due falli identici in zona neutrale in una manciata di secondi, il secondo dopo un\u2019infrazione ha pensato bene di mandare a quel paese l\u2019arbitro, che non ha potuto fare altro che espellerlo.\u00a0 E cos\u00ec il Madrid che il 27 ottobre dopo la vittoria sul Bar\u00e7a era uscito dal Cl\u00e1sico con 5 lunghezze di vantaggio sui catalani 6 giornate dopo ne ha 4 di distacco, e il Villarreal \u00e8 terzo a -1 con una partita in meno. Perch\u00e9 la serie negativa dei Blancos inizia ad avere una certa durata: per ospitare la partita di football americano della Nfl tanto celebrata e tanto pagata il Madrid ha giocato 6 partite fuori casa di fila: ha perso a Liverpool e ha pareggiato con Rayo, Elche e Girona, non esattamente tre super potenze. In mezzo il sofferto trionfo in Grecia con l\u2019Olympiakos e la bella prestazione di Bilbao di mercoled\u00ec.\u00a0<\/p>\n<p>    amaro ritorno a casa\u2014 \u00a0<\/p>\n<p class=\"paragraph is-inline\" spellcheck=\"true\">Il madridismo guardava con ottimismo e fiducia al ritorno al Bernabeu per affrontare il Celta 16\u00b0 e pieno di pareggi, e invece \u00e8 andata in un altro modo. Xabi come Rafa E occhio perch\u00e9 mercoled\u00ec qui al Bernabeu arriva il City di Guardiola, e se il \u2018Panda\u2019 Iglesias e l\u2019intermittente Bryan Zaragoza ieri sono parsi fenomenali figurarsi Haaland e Doku, che fanno il loro stesso mestiere. Xabi Alonso non \u00e8 a rischio immediato, ma il suo profilo assomiglia sempre di pi\u00f9 a quello di Rafa Benitez, arrivato alla Casa Blanca dopo Ancelotti nel 2015 e durato meno di 6 mesi tra pochi risultati e ancor meno feeling con la rosa. Xabi Alonso ha le sue idee, la sua personalit\u00e0 e un altissimo concetto di s\u00e9 stesso e delle sue qualit\u00e0 intellettuali. I suoi metodi non piacciono ai mammasantissima del Madrid, abituati negli ultimi 4 anni al dialogo empatico e vincente di Carlo Ancelotti, che se la gode sulla spiaggia di Ipanema.\u00a0<\/p>\n<p>    ko anche militao\u2014 \u00a0<\/p>\n<p class=\"paragraph is-inline\" spellcheck=\"true\">E in difesa \u00e8 un dramma, perch\u00e9 con 5 difensori infortunati, Huijsen, Carvajal, Alexander-Arnold, Alaba e Mendy, ieri si \u00e8 fatto male, e seriamente, anche Militao: vedremo chi giocher\u00e0 dietro col City, e domenica con l\u2019Alaves, considerate le squalifiche di Carreras e Fran Garc\u00eda. Il Madrid ha sbattuto contro la tecnica, l\u2019organizzazione e il coraggio del Celta Vigo. L\u2019ex interista Radu ha fatto due-tre parate di livello, e dopo il solito miracolo di Courtois nella prima parte, nella ripresa Swedberg, entrato nella pausa per l\u2019infortunato Pablo Duran, ha segnato due volte: presto, su assist di Bryan Zaragoza con un tacco morbido e delizioso, e tardi, nel caos blanco nel quale si \u00e8 intromesso Iago Aspas. Il Madrid ha iniziato a giocare solo quando \u00e8 rimasto in 10, ma con foga pi\u00f9 che gioco. E cos\u00ec il Celta ha vinto al Bernabeu dopo 19 anni intristiti da 3 pari e 16 sconfitte. Per\u00f2 ripetiamo, che Italiano non si spaventi troppo, anche perch\u00e9 il Celta in casa ha vinto 2 partite su 10.<\/p>\n<p class=\"is-copyright\">\u00a9 RIPRODUZIONE RISERVATA<\/p>\n","protected":false},"excerpt":{"rendered":"Che sorpresa al Bernabeu. Protagonista l&#8217;ex portiere dell&#8217;Inter ma anche lo svedese. I Blancos chiudono in nove contro&hellip;\n","protected":false},"author":3,"featured_media":250600,"comment_status":"","ping_status":"","sticky":false,"template":"","format":"standard","meta":{"footnotes":""},"categories":[1452],"tags":[48121,147584,147585,5649,8911,28271,15961,4119,69517,107629,7033,147576,721,12027,20988,147577,820,1740,147578,1537,90,1599,89,5382,4559,92098,1290,4283,4262,147579,147580,1990,11377,3675,1739,147581,245,244,1857,147582,5248,56948,2200,56026,125597,147583],"class_list":{"0":"post-250599","1":"post","2":"type-post","3":"status-publish","4":"format-standard","5":"has-post-thumbnail","7":"category-calcio","8":"tag-abituati","9":"tag-abituati-ultimi","10":"tag-abituati-ultimi-dialogo","11":"tag-affrontare","12":"tag-alonso","13":"tag-ancelotti","14":"tag-avversario","15":"tag-barca","16":"tag-bernabeu","17":"tag-blancos","18":"tag-bryan","19":"tag-bryan-zaragoza","20":"tag-calcio","21":"tag-carreras","22":"tag-celta","23":"tag-celta-vinto","24":"tag-city","25":"tag-football","26":"tag-fran","27":"tag-it","28":"tag-italia","29":"tag-italiano","30":"tag-italy","31":"tag-madrid","32":"tag-mercoledi","33":"tag-militao","34":"tag-partita","35":"tag-partite","36":"tag-prossimo","37":"tag-prossimo-avversario","38":"tag-radu","39":"tag-rafa","40":"tag-real","41":"tag-ritorno","42":"tag-soccer","43":"tag-spaventi","44":"tag-sport","45":"tag-sports","46":"tag-squadra","47":"tag-swedberg","48":"tag-tanti","49":"tag-vigo","50":"tag-vinto","51":"tag-xabi","52":"tag-xabi-alonso","53":"tag-zaragoza"},"share_on_mastodon":{"url":"","error":"Validation failed: Text character limit of 500 exceeded"},"_links":{"self":[{"href":"https:\/\/www.europesays.com\/it\/wp-json\/wp\/v2\/posts\/250599","targetHints":{"allow":["GET"]}}],"collection":[{"href":"https:\/\/www.europesays.com\/it\/wp-json\/wp\/v2\/posts"}],"about":[{"href":"https:\/\/www.europesays.com\/it\/wp-json\/wp\/v2\/types\/post"}],"author":[{"embeddable":true,"href":"https:\/\/www.europesays.com\/it\/wp-json\/wp\/v2\/users\/3"}],"replies":[{"embeddable":true,"href":"https:\/\/www.europesays.com\/it\/wp-json\/wp\/v2\/comments?post=250599"}],"version-history":[{"count":0,"href":"https:\/\/www.europesays.com\/it\/wp-json\/wp\/v2\/posts\/250599\/revisions"}],"wp:featuredmedia":[{"embeddable":true,"href":"https:\/\/www.europesays.com\/it\/wp-json\/wp\/v2\/media\/250600"}],"wp:attachment":[{"href":"https:\/\/www.europesays.com\/it\/wp-json\/wp\/v2\/media?parent=250599"}],"wp:term":[{"taxonomy":"category","embeddable":true,"href":"https:\/\/www.europesays.com\/it\/wp-json\/wp\/v2\/categories?post=250599"},{"taxonomy":"post_tag","embeddable":true,"href":"https:\/\/www.europesays.com\/it\/wp-json\/wp\/v2\/tags?post=250599"}],"curies":[{"name":"wp","href":"https:\/\/api.w.org\/{rel}","templated":true}]}}