{"id":250622,"date":"2025-12-08T02:06:17","date_gmt":"2025-12-08T02:06:17","guid":{"rendered":"https:\/\/www.europesays.com\/it\/250622\/"},"modified":"2025-12-08T02:06:17","modified_gmt":"2025-12-08T02:06:17","slug":"fabio-fognini-cosi-ho-deciso-di-dire-addio-la-nuova-generazione-arrogante-meritavo-di-vincere-la-davis","status":"publish","type":"post","link":"https:\/\/www.europesays.com\/it\/250622\/","title":{"rendered":"Fabio Fognini: \u00abCos\u00ec ho deciso di dire addio. La nuova generazione? Arrogante. Meritavo di vincere la Davis\u00bb"},"content":{"rendered":"<p>    di<br \/>\n    Gaia Piccardi<\/p>\n<p class=\"summary-art is-line-h-12\">L\u2019addio a Wimbledon: \u00abMi pento delle cavolate che ho fatto. Con Flavia abbiamo stappato uno champagne ros\u00e9\u00bb<\/p>\n<p class=\"chapter-paragraph\">Ripubblichiamo l&#8217;intervista di Gaia Piccardi a Fabio Fognini, uscita sul Corriere l&#8217;11 luglio scorso. Il 2 dicembre l&#8217;ex tennista \u00e8\u00a0ospite del programma Belve, su Rai2<\/p>\n<p class=\"chapter-paragraph\">DALLA NOSTRA INVIATA<br \/>LONDRA- <b>Mister Hyde non abita pi\u00f9 qui. <\/b>Dai cancelli a sud di Londra del Tempio pagano chiamato Wimbledon, il luogo dell\u2019anima su cui anni fa si era augurato cadessero le bombe \u2014 \u00e8 gi\u00e0 successo, correva l\u201911 ottobre 1940 \u2014   in una giornata di erba storta e umor nero, \u00e8 appena uscito tra gli applausi scroscianti un attempato ragazzo ligure capace di traghettarci dall\u2019era dei giganti alla generazione-Sinner.\u00a0    &#13;<br \/>\n&#13;<br \/>\n&#13;<br \/>\n&#13;<br \/>\n&#13;<br \/>\n&#13;<br \/>\n&#13;<br \/>\n&#13;<br \/>\n&#13;<br \/>\n&#13;<br \/>\n&#13;<br \/>\n&#13;<br \/>\n&#13;<br \/>\n&#13;<br \/>\n&#13;<br \/>\n&#13;<br \/>\n&#13;<br \/>\n&#13;<br \/>\n&#13;<br \/>\n&#13;<br \/>\n&#13;<br \/>\n&#13;<br \/>\n&#13;<br \/>\n&#13;<br \/>\n&#13;<br \/>\n&#13;<br \/>\n&#13;<br \/>\n&#13;<br \/>\n&#13;<br \/>\n&#13;<br \/>\n&#13;<br \/>\n&#13;<br \/>\n&#13;<br \/>\n&#13;<br \/>\n&#13;<br \/>\n&#13;<br \/>\n&#13;<br \/>\n&#13;<br \/>\n&#13;<br \/>\n&#13;<br \/>\n&#13;<br \/>\n&#13;<br \/>\n&#13;<br \/>\n&#13;<br \/>\n&#13;<br \/>\n&#13;<br \/>\n&#13;<br \/>\n&#13;<br \/>\n&#13;<br \/>\n&#13;<br \/>\n&#13;<br \/>\n&#13;<br \/>\n&#13;\n<\/p>\n<p class=\"chapter-paragraph\"><a href=\"https:\/\/bari.corriere.it\/notizie\/sport\/25_dicembre_01\/flavia-pennetta-e-fabio-fognini-ricordano-nicola-pietrangeli-grazie-di-tutto-leggenda-96811a41-0ca0-4336-9de8-c9a4e776exlk.shtml\" title=\"Flavia Pennetta e Fabio Fognini ricordano Nicola Pietrangeli: \u00abGrazie di tutto, leggenda\u00bb\" rel=\"nofollow noopener\" target=\"_blank\">Fabio Fognini<\/a>, 38 anni, numero 9 della classifica mondiale nell\u2019estate del lontano 2019, quando Jannik era ancora minorenne, <b>\u00e8 il campione nostrano che al primo turno del torneo pi\u00f9 prestigioso ha spettinato il prato del fuoriclasse, Carlos Alcaraz, tenuto in campo quattro ore e mezza<\/b>, meritandosi una pioggia di complimenti dallo sport che ha amato e a volte odiato, come Andr\u00e8 Agassi per\u00f2 senza il padre-orco e la macchina sparapalle, rimanendone inesorabilmente sedotto.<\/p>\n<p class=\"chapter-paragraph\"><a href=\"https:\/\/video.corriere.it\/sport\/fabio-fognini-momento-migliore-per-dire-addio-al-tennis\/43430528-b6d4-4830-99bc-909ca6349xlk\" rel=\"nofollow noopener\" target=\"_blank\">Non si \u00e8 ritirato quel giorno, Fabio<\/a>. \u00c8 rientrato a casa, dalla moglie ex tennista <a href=\"https:\/\/www.corriere.it\/sport\/25_luglio_02\/fognini-pennetta-famiglia-tennis-00f53695-fb28-49c6-b770-b33e9d869xlk.shtml\" rel=\"nofollow noopener\" target=\"_blank\">Flavia (Pennetta)<\/a> e dai tre figli (Federico, 8 anni, Farah, 5, e Flaminia, 3),<b> si \u00e8 riunito con se stesso, l\u2019unico capufficio  da cui in carriera ha accettato ordini. <\/b>\u00abDue giorni al buio, in silenzio, con la tv spenta \u2014 racconta \u2014. Flavia lavorava in tv, i bimbi erano con i nonni. Ho preso una birretta con Fabio Fognini e gli ho detto che basta, il corpo non ne poteva pi\u00f9: era ora di smettere\u00bb.<\/p>\n<p class=\"chapter-paragraph\"><b>Come si capisce quando \u00e8 arrivato il momento giusto?<\/b><br \/>\u00abAlla mia et\u00e0 venivo da anni durissimi, in cui recuperare dagli infortuni era diventata un\u2019impresa. Ci stavo pensando da tempo: era nell\u2019aria. Ma siccome sono un tipo molto competitivo, non volevo mollare l\u2019adrenalina. A costo di avere insopportabili dolori ai piedi.  Per prima, l\u2019ho detto a <a href=\"https:\/\/www.corriere.it\/sport\/tennis\/25_giugno_30\/fognini-wimbledon-alcaraz-famiglia-945b8d88-20bb-4738-aa20-8402cc38exlk.shtml\" rel=\"nofollow noopener\" target=\"_blank\">Flavia<\/a>\u00bb.<\/p>\n<p class=\"chapter-paragraph\"><b>Come?<\/b><br \/>\u00abDopo quei due giorni di riflessione, ho annunciato a lei e ai nani che quella sera avremmo cenato a casa. Ho stappato uno champagne ros\u00e9. Un bicchiere, due bicchieri&#8230; Nel giro di un\u2019ora mi sono accorto di essermi scolato tutta la bottiglia! I nanetti erano stecchiti sul divano, ho guardato Flavia: d\u2019ora in poi dovrai sopportarmi un po\u2019 di pi\u00f9, le ho detto. Lei ha capito subito, sapeva. Mi ha abbracciato. La sera dopo ho riunito mamma, pap\u00e0 e sorella. Aaaah, credevamo ci annunciassi il quarto figlio, mi hanno detto&#8230;\u00bb.<\/p>\n<p class=\"chapter-paragraph\"><b>Tanti messaggi, ma forse il complimento pi\u00f9 bello gliel\u2019ha fatto Flavio Cobolli, sconfitto nei quarti di Wimbledon da Djokovic e talento della sua agenzia di management: se oggi siamo tanti italiani in classifica, il merito \u00e8 tuo.<\/b><br \/>\u00abNon mi ero accorto di aver rappresentato un esempio per i ragazzi, strada facendo. Me ne sto rendendo conto solo adesso. Quest\u2019estate, con le chiappe a mollo, ci ragioner\u00f2 su meglio. Mi hanno scritto i miei amici calciatori dell\u2019Inter, Alberto Tomba, <a href=\"https:\/\/www.corriere.it\/sport\/tennis\/24_novembre_20\/rafa-nadal-addio-tennis-f2b148ef-fd00-4d96-a31d-9071e51c4xlk.shtml\" rel=\"nofollow noopener\" target=\"_blank\">Nadal<\/a>, <a href=\"https:\/\/www.corriere.it\/sport\/tennis\/25_luglio_10\/djokovic-allenamento-wimbledon-sinner-57363d5e-7a00-4974-958e-d569fa448xlk.shtml\" rel=\"nofollow noopener\" target=\"_blank\">Djokovic <\/a>e tanti altri. Non avevo capito di essere cos\u00ec amato. Da fuori, a volte, mi hanno dipinto per quello che non sono mai stato: alzavo una barriera e davo di matto per difendere la mia sensibilit\u00e0. Sono stato un ragazzo ribelle ma spero di non essere ricordato per le racchette rotte. Mi sono portato addosso per anni un\u2019etichetta: la verit\u00e0 \u00e8 che non sono mai stato un santo ma ho sempre fatto del male solo a me stesso. Chi mi ha davvero conosciuto, per\u00f2, sa\u00bb.<\/p>\n<p class=\"chapter-paragraph\"><b>In occasione delle mattane pi\u00f9 clamorose, sua moglie diceva di avere l\u2019impressione che in campo, all\u2019improvviso, comparisse un sosia. E che prendesse il sopravvento.<\/b><br \/>\u00abS\u00ec, ci sta\u00bb.<\/p>\n<p class=\"chapter-paragraph\"><b>Che fine ha fatto quel tizio?<\/b><br \/>\u00ab\u00c8 ancora qui, per\u00f2 con il tempo e la maturit\u00e0 si \u00e8 trasformato. Oggi vede la vita in modo molto diverso e d\u00e0 un senso alle cose. La nascita dei bambini mi ha cambiato profondamente. Tutto fa parte di un percorso di crescita, anche gli errori per cui ho sempre pagato un prezzo\u00bb.<\/p>\n<p class=\"chapter-paragraph\"><b>Comincia una nuova fase dell\u2019esistenza. Cosa le riserva?<\/b><br \/>\u00abSono curioso anch\u2019io. Per vent\u2019anni ho fatto una sola cosa, quella che mi veniva meglio: giocare a tennis senza mai risparmiarmi. A Wimbledon si \u00e8 chiuso un cerchio. Non mi sarei mai immaginato che potesse finire in quel modo, con la bellissima partita con Alcaraz e la standing ovation del campo pi\u00f9 importante del mondo. E pensare che ero entrato dicendomi: coraggio, Fabio, cerchiamo di non fare una figuraccia&#8230;\u00bb.<\/p>\n<p class=\"chapter-paragraph\"><b>L\u2019emozione di giocare l\u2019ultimo match davanti ai propri figli \u00e8 spiegabile?<\/b><br \/>\u00abNon \u00e8 facile, ma ci provo. Eravamo ancora  in Italia quando \u00e8 uscito il sorteggio di Wimbledon e ho scoperto che avrei affrontato il campione in carica, Carlos Alcaraz. Federico, che \u00e8 un suo tifoso, mi fa: che bello, pap\u00e0, cos\u00ec perdi&#8230; Vuoi venire, gli ho chiesto? Tutta la famiglia \u00e8 partita per Londra, a quel punto. L\u2019orgoglio che ho provato quando <a href=\"https:\/\/www.corriere.it\/sport\/tennis\/25_giugno_30\/fognini-wimbledon-alcaraz-famiglia-945b8d88-20bb-4738-aa20-8402cc38exlk.shtml\" rel=\"nofollow noopener\" target=\"_blank\">Alcaraz <\/a>ha chiesto l\u2019applauso per me, non si pu\u00f2 raccontare. Gli ho chiesto una maglia autografata per Fede, che \u00e8 impazzito di gioia. E la sera, tutti a mangiare il sushi\u00bb.<\/p>\n<p class=\"chapter-paragraph\"><b>Dovesse fare una sintesi della carriera?<\/b><br \/>\u00abSono arrivato in punta di piedi, me ne sono andato a testa alta\u00bb.<\/p>\n<p class=\"chapter-paragraph\"><b>Stride, in questo romanzo, il fatto che un giocatore che all\u2019azzurro ha dato tutto non abbia potuto conquistare quella Davis che la nouvelle vague del tennis italiano, trascinata da Sinner, ha recentemente vinto due volte consecutive. \u00c8 un rimpianto?<\/b><br \/>\u00abTocca un tasto delicato. Pi\u00f9 che un rimpianto, per\u00f2, direi che \u00e8 un sogno irrealizzato. Ho giocato la Davis vera, quella in casa e in trasferta, tre set su cinque. Ho sempre risposto presente alle convocazioni, anche con una gamba sola. Indossando la maglia azzurra ho ottenuto una delle mie vittorie pi\u00f9 belle, con Andy Murray a Napoli nel 2014. Per la Nazionale davvero non potevo fare di pi\u00f9. Vincere la Davis era un sogno di cui avrei voluto fare parte, semplicemente perch\u00e9 me la meritavo. Sarebbe stato pi\u00f9 giusto cos\u00ec. Non \u00e8 successo\u00bb.<\/p>\n<p class=\"chapter-paragraph\"><b>Fin qui \u00e8 stata la vita che s\u2019immaginava da bambino, ad Arma di Taggia?<\/b><br \/>\u00ab\u00c8 stata molto di pi\u00f9. Non avrei mai creduto di entrare nei top 10 in singolo e doppio, di conquistare Montecarlo, il torneo che i miei genitori mi portavano a vedere da piccolo, di uscire dal centrale di Wimbledon dopo aver trascinato al quinto set, a 38 anni suonati, il numero 2 del mondo. Ho attraversato un\u2019epoca irripetibile, quella dei Big Three (Federer, Nadal, Djokovic), ne ho battuti due su tre in un periodo storico in cui arrivare alla seconda settimana dei tornei dello Slam era paragonabile a una vittoria. Ci ho giocato contro, mi ci sono allenato; mi hanno dato, ma anche tolto tanto\u00bb.<\/p>\n<p class=\"chapter-paragraph\"><b>Rifarebbe tutto?<\/b><br \/>\u00abFarei di pi\u00f9 e di meglio. Mi pento delle cavolate, per\u00f2 ho anche fatto cose meravigliose. Quindi s\u00ec, rifarei tutto. Ho sempre detto quello che pensavo. Non sarei quello che sono oggi, senn\u00f2\u00bb.<\/p>\n<p class=\"chapter-paragraph\"><b>Chi \u00e8, oggi, Fabio Fognini?<\/b><br \/>\u00abUn marito e un pap\u00e0 che non vede l\u2019ora di andare in vacanza con la famiglia. Non voglio pi\u00f9 correre: voglio camminare, finalmente. Voglio godermi i bimbi, la vita, la nuova attivit\u00e0 di manager e scopritore di talenti, a cominciare da Flavio Cobolli, che dopo Wimbledon entrer\u00e0 nei primi venti del ranking. Desidero trasferire ad altri la mia esperienza: sar\u00f2 felice di mettermi a disposizione di chi me lo chiede. Ho due esibizioni gi\u00e0 confermate, sto pensando di portare i bambini a New York, dove quest\u2019anno ricorre il decennale della vittoria di Flavia all\u2019Open Usa. Ma adesso stacco tutto. Andiamo in Puglia e non voglio pi\u00f9 pensare a niente\u00bb.<\/p>\n<p class=\"chapter-paragraph\"><b>Milly Carlucci l\u2019aspetta a \u00abBallando con le stelle\u00bb, per\u00f2.<\/b><br \/>\u00abDevo ancora parlare con Milly, che mi aveva voluto come ballerino per una notte. Per uno sportivo competitivo come me, potrebbe essere una bella sfida. Vedremo\u00bb.<\/p>\n<p class=\"chapter-paragraph\"><b>Il tennis le ha regalato degli amici?<\/b><br \/>\u00abTante conoscenze, amicizie non saprei&#8230; Le amicizie vere sono quelle che coltivo sin da bambino, ad Arma. E Simone Bolelli, con cui ho giocato il doppio per anni\u00bb.<\/p>\n<p class=\"chapter-paragraph\"><b>Il giorno pi\u00f9 bello?<\/b><br \/>\u00abSono tre: quelli in cui sono nati i miei figli\u00bb.<\/p>\n<p class=\"chapter-paragraph\"><b>La partita che rigiocherebbe?<\/b><br \/>\u00abOddio, tante&#8230; Quasi tutte!\u00bb.<\/p>\n<p class=\"chapter-paragraph\"><b>L\u2019avversario pi\u00f9 simpatico?<\/b><br \/>\u00abSono andato d\u2019accordo un po\u2019 con tutti. Trovo questa nuova generazione fortissima ma un po\u2019 arrogante, invece. Il pi\u00f9 carismatico della mia epoca \u00e8 stato sicuramente <a href=\"https:\/\/www.corriere.it\/economia\/life\/24_dicembre_30\/roger-federer-il-super-patrimonio-cresce-a-1-5-miliardi-anche-senza-giocare-il-confronto-con-sinner-56f1c3f2-507c-4753-8063-143c92f2dxlk.shtml\" rel=\"nofollow noopener\" target=\"_blank\">Roger Federer<\/a>. Nel 2012 l\u2019ho affrontato sul centrale di Wimbledon. All\u2019epoca, entrando, si doveva ancora salutare il Royal Box. Prima di scendere in campo, terrorizzato, mi sono voltato verso Roger e gli ho detto: come cavolo si fa l\u2019inchino? E lui, serafico: follow me. Seguimi. E cos\u00ec ho fatto\u00bb.<\/p>\n<p class=\"chapter-paragraph\"><b>Augurerebbe a Federico, Farah e Flaminia di seguire la strada percorsa da lei e sua moglie, il tennis professionistico?<\/b><br \/>\u00abAuguro loro di essere sempre in salute e di fare ci\u00f2 che vorranno. Federico \u00e8 un patito di pallone, proprio come lo sono stato io. Farah ama la danza, Flaminia \u00e8 ancora piccolina. Se facessero altro, andrebbe bene lo stesso. Solo io so quello che ho sacrificato al tennis. Ho vissuto tutto intensamente, forse troppo. Ma \u00e8 stato bellissimo\u00bb.<\/p>\n<p class=\"is-last-update\" datetime=\"2025-12-02T11:05:14+01:00\">2 dicembre 2025<\/p>\n<p class=\"is-copyright\">\n            \u00a9 RIPRODUZIONE RISERVATA\n        <\/p>\n","protected":false},"excerpt":{"rendered":"di Gaia Piccardi L\u2019addio a Wimbledon: \u00abMi pento delle cavolate che ho fatto. Con Flavia abbiamo stappato uno&hellip;\n","protected":false},"author":3,"featured_media":250623,"comment_status":"","ping_status":"","sticky":false,"template":"","format":"standard","meta":{"footnotes":""},"categories":[1457],"tags":[28121,2983,1013,1265,5466,1266,30294,2940,14006,3077,69704,788,694,147600,2873,47041,1953,921,3079,3363,4627,1902,147601,925,147602,19615,147603,1061,1932,20222,73202,26860,122,1277,9849,1278,26568,1906,3452,1533,15504,36931,1909,32767,147604,19877,7217,147605,147606,2731,11694,9090,18672,7340,36930,1597,1889,2267,1975,1537,90,89,5122,2219,86037,2376,1229,1983,39258,1312,273,5154,690,1290,44637,5385,2891,147607,5402,23819,54114,14052,1441,13287,3645,2434,366,2526,5244,245,244,147608,147609,147610,3726,1886,659,5248,1273,1898,6663,253,8447,8188,1274],"class_list":{"0":"post-250622","1":"post","2":"type-post","3":"status-publish","4":"format-standard","5":"has-post-thumbnail","7":"category-tennis","8":"tag-accorto","9":"tag-addio","10":"tag-affrontato","11":"tag-alcaraz","12":"tag-amato","13":"tag-amici","14":"tag-amicizie","15":"tag-andato","16":"tag-arma","17":"tag-arrivato","18":"tag-arrogante","19":"tag-bambini","20":"tag-bambino","21":"tag-bambino-arma","22":"tag-bello","23":"tag-bimbi","24":"tag-campione","25":"tag-campo","26":"tag-capito","27":"tag-carlos","28":"tag-carlos-alcaraz","29":"tag-carriera","30":"tag-cavolate","31":"tag-centrale","32":"tag-centrale-wimbledon","33":"tag-champagne","34":"tag-champagne-rose","35":"tag-chiesto","36":"tag-classifica","37":"tag-cobolli","38":"tag-competitivo","39":"tag-conquistare","40":"tag-cose","41":"tag-dato","42":"tag-davis","43":"tag-davvero","44":"tag-djokovic","45":"tag-doppio","46":"tag-epoca","47":"tag-estate","48":"tag-fabio","49":"tag-fabio-fognini","50":"tag-famiglia","51":"tag-farah","52":"tag-farah-flaminia","53":"tag-federer","54":"tag-federico","55":"tag-federico-farah","56":"tag-federico-farah-flaminia","57":"tag-figli","58":"tag-flaminia","59":"tag-flavia","60":"tag-flavio","61":"tag-flavio-cobolli","62":"tag-fognini","63":"tag-generazione","64":"tag-giocare","65":"tag-giocato","66":"tag-giusto","67":"tag-it","68":"tag-italia","69":"tag-italy","70":"tag-londra","71":"tag-maglia","72":"tag-meritavo","73":"tag-milly","74":"tag-moglie","75":"tag-nadal","76":"tag-nadal-djokovic","77":"tag-numero","78":"tag-nuova","79":"tag-nuova-generazione","80":"tag-papa","81":"tag-partita","82":"tag-pensando","83":"tag-pensare","84":"tag-pento","85":"tag-pento-cavolate","86":"tag-ragazzo","87":"tag-rimpianto","88":"tag-riunito","89":"tag-roger","90":"tag-rose","91":"tag-sera","92":"tag-set","93":"tag-si","94":"tag-sinner","95":"tag-sogno","96":"tag-sola","97":"tag-sport","98":"tag-sports","99":"tag-stappato","100":"tag-stappato-champagne","101":"tag-stappato-champagne-rose","102":"tag-strada","103":"tag-successo","104":"tag-tante","105":"tag-tanti","106":"tag-tennis","107":"tag-tennista","108":"tag-torneo","109":"tag-tv","110":"tag-uscito","111":"tag-voglio","112":"tag-wimbledon"},"share_on_mastodon":{"url":"","error":"Validation failed: Text character limit of 500 exceeded"},"_links":{"self":[{"href":"https:\/\/www.europesays.com\/it\/wp-json\/wp\/v2\/posts\/250622","targetHints":{"allow":["GET"]}}],"collection":[{"href":"https:\/\/www.europesays.com\/it\/wp-json\/wp\/v2\/posts"}],"about":[{"href":"https:\/\/www.europesays.com\/it\/wp-json\/wp\/v2\/types\/post"}],"author":[{"embeddable":true,"href":"https:\/\/www.europesays.com\/it\/wp-json\/wp\/v2\/users\/3"}],"replies":[{"embeddable":true,"href":"https:\/\/www.europesays.com\/it\/wp-json\/wp\/v2\/comments?post=250622"}],"version-history":[{"count":0,"href":"https:\/\/www.europesays.com\/it\/wp-json\/wp\/v2\/posts\/250622\/revisions"}],"wp:featuredmedia":[{"embeddable":true,"href":"https:\/\/www.europesays.com\/it\/wp-json\/wp\/v2\/media\/250623"}],"wp:attachment":[{"href":"https:\/\/www.europesays.com\/it\/wp-json\/wp\/v2\/media?parent=250622"}],"wp:term":[{"taxonomy":"category","embeddable":true,"href":"https:\/\/www.europesays.com\/it\/wp-json\/wp\/v2\/categories?post=250622"},{"taxonomy":"post_tag","embeddable":true,"href":"https:\/\/www.europesays.com\/it\/wp-json\/wp\/v2\/tags?post=250622"}],"curies":[{"name":"wp","href":"https:\/\/api.w.org\/{rel}","templated":true}]}}