{"id":250642,"date":"2025-12-08T02:25:11","date_gmt":"2025-12-08T02:25:11","guid":{"rendered":"https:\/\/www.europesays.com\/it\/250642\/"},"modified":"2025-12-08T02:25:11","modified_gmt":"2025-12-08T02:25:11","slug":"il-napoli-batte-la-juve-le-ironie-social-travolgono-spalletti-corriere-dello-sport","status":"publish","type":"post","link":"https:\/\/www.europesays.com\/it\/250642\/","title":{"rendered":"Il Napoli batte la Juve: le ironie social travolgono Spalletti &#8211; Corriere dello Sport"},"content":{"rendered":"<ol>\n<li><a href=\"https:\/\/news.google.com\/rss\/articles\/CBMi0gFBVV95cUxNS29CSHU3cEd6T0xVczl2X1RRVmxGQndNcnZFc1NlQmFKOFRENERSalVZUkpXQkkwc3g4bmdIMHBGUVUzenJWcTdnTU9nNEo5UUR4c1lhNTU4U1hCaDdCZzhoSnZGcWNYOVZ4TjhPN2tjUUdoTUk4aEZtN1lTUTNaSTNZaUJadXJWTFFsd1RWZUhreHIwaUZTYS1MbDNhMkRkU0tqVVcweEVpTU5Nc00xTThGdFNnWHduNk50c2IyMmRYeG1PZG01LVVyZnl2YWViN1HSAdQBQVVfeXFMTjB2bUZwNE5yYzJvUXozTnZiYzFjNFlDbzJMdFVaaVlBLXFzTlB0bmQyelAyaDR1TmJEaThKMENnSVdGZ3FRcnJKNGRHWVZuMWs1eVhaTzcxTkdFekthMzJMVVVnZEU4UVVycmZCZENJTzZRWm1LbXZmTGxhaEVkeGR1cndfS3ppZjNIaVNKbWxYLVM2WmdzbXhIZ3ZXMzRpOVU3TV8zMzFPT3AxWF9LektxQnJTaFlGRVlLbW05cDFMVWk4NXQ1OFRyejBpLWo1akpLVVY?oc=5\" target=\"_blank\" rel=\"nofollow noopener\">Il Napoli batte la Juve: le ironie social travolgono Spalletti<\/a>&nbsp;&nbsp;Corriere dello Sport<\/li>\n<li><a href=\"https:\/\/news.google.com\/rss\/articles\/CBMitgFBVV95cUxPWWItTVpsTkZVRnFudDFYZjZEMDc0bmxmc1pCWkM4MDU0cUFxd2Z3Tm8xcWlXUGlTMDdZTmp2UUNTTTVLbDBxbzhrem8wbmlURnRqRm5jUXMzTnNCT2JzYy1RR0JPWHBydW12Vnl2djJoc25JckgtVEhVTmowWlRhUExiY1VCMENKM2ZRTUtnY1hYdW0xc1VHUkszdFZNbUJEdjM4VFREb2ZVQ0lwN1QwYW11MTVhQQ?oc=5\" target=\"_blank\" rel=\"nofollow noopener\">Spalletti: &#8220;Il Napoli \u00e8 andato pi\u00f9 forte. Servono passi avanti e Yildiz pu\u00f2 fare di pi\u00f9&#8221;<\/a>&nbsp;&nbsp;La Gazzetta dello Sport<\/li>\n<li><a href=\"https:\/\/news.google.com\/rss\/articles\/CBMiogFBVV95cUxQWnBCU05tX2RQNUlic3U2MnQ5M2Z0N1BrejJCNndyRTJhRDlPUWJ0OVpRb0lMczlEQ0Z1c0ZUNXFNQWRsRkNDd3RLSkNjOFpGTXNLa25FclRNVk80NXVzclRYZnpkTGhBdkZ5MFkyMUx5dnpEZFZCLVhQY3NuaTA2WGxqajJYY0pmdmQ0cVdhck52d0hXTWE2c3JPRkpOeWNBaHfSAacBQVVfeXFMT2VFMmxneXBmZi1xdHB6NUozYUN3M0NfMjMwUU1zSDFrNHhZUm01NFBDcTZvLWxpUC0zR213WXR0SGZ1XzV0VFYzN1lxQXJneG1NaXVVbXFJZU93STNueXRLZVdqZlhVbE0wUGN3ZHlLS0t0Vy1Tb3F5eHdJdnVIY2FlelpvQUp0X2pjeDlabmZGeHB2YnVzeU1oZ0VMXzA0OTRFZF9yRHc?oc=5\" target=\"_blank\" rel=\"nofollow noopener\">Il Napoli si riprende la vetta: 2-1 alla Juventus, doppietta di Hojlund<\/a>&nbsp;&nbsp;la Repubblica<\/li>\n<li><a href=\"https:\/\/news.google.com\/rss\/articles\/CBMixAFBVV95cUxNbTdJMFN0eWZWdnluUkJEY1ZYRUtlX2xfWUlsdWVaUEVfTktjY3lCeEFVNE1BU2lzWlgtUkFGdTF0STMwLXVOYlZtaEFVeWxLSk1sdnBobFJaOThkSkZaNWJlVGdTRjN0SzVIOFRiUkxqdkZqY0M5ZWl6VUxldVFmTUl1dklXOGtaWmdXZERyYUU4NnJKcjRDUExXaW1BUlMxX3Z4MUViVmJfc3RpVzU2ckx4X0llcVpOWjJKa3pxSEJLbnZT?oc=5\" target=\"_blank\" rel=\"nofollow noopener\">Serie A: Napoli-Juventus 2-1<\/a>&nbsp;&nbsp;ANSA<\/li>\n<li><a href=\"https:\/\/news.google.com\/rss\/articles\/CBMihAFBVV95cUxQTy1kanY0SjZwUFNkZ3VqM3lSWDZKbEVYM28wUE9EZjJQd1NGY3EzWF9na0dvSnlXaUdjRzRSR19mNHk0RXIxRzVEbHRoVTVheVQxOFo2OUt2cWV6UEF5YmJXQmtNQXktRnVNbjY2eGxrcnRfbnNmTVdhYklJck5qLU5YYU4?oc=5\" target=\"_blank\" rel=\"nofollow noopener\">Serie A | Napoli-Juventus | Il tabellino<\/a>&nbsp;&nbsp;Juventus.com<\/li>\n<\/ol>\n","protected":false},"excerpt":{"rendered":"Il Napoli batte la Juve: le ironie social travolgono Spalletti&nbsp;&nbsp;Corriere dello Sport Spalletti: &#8220;Il Napoli \u00e8 andato pi\u00f9&hellip;\n","protected":false},"author":3,"featured_media":250643,"comment_status":"","ping_status":"","sticky":false,"template":"","format":"standard","meta":{"footnotes":""},"categories":[6],"tags":[14,8,1537,90,89,7,15,82,9,83,10,13,11,80,84,12,81,85],"class_list":{"0":"post-250642","1":"post","2":"type-post","3":"status-publish","4":"format-standard","5":"has-post-thumbnail","7":"category-ultime-notizie","8":"tag-cronaca","9":"tag-headlines","10":"tag-it","11":"tag-italia","12":"tag-italy","13":"tag-news","14":"tag-notizie","15":"tag-notizie-di-cronaca","16":"tag-notizie-principali","17":"tag-notiziedicronaca","18":"tag-notizieprincipali","19":"tag-titoli","20":"tag-ultime-notizie","21":"tag-ultime-notizie-di-cronaca","22":"tag-ultime-notizie-e-news-di-oggi","23":"tag-ultimenotizie","24":"tag-ultimenotiziedicronaca","25":"tag-ultimenotizieenewsdioggi"},"share_on_mastodon":{"url":"https:\/\/pubeurope.com\/@it\/115681579687475412","error":""},"_links":{"self":[{"href":"https:\/\/www.europesays.com\/it\/wp-json\/wp\/v2\/posts\/250642","targetHints":{"allow":["GET"]}}],"collection":[{"href":"https:\/\/www.europesays.com\/it\/wp-json\/wp\/v2\/posts"}],"about":[{"href":"https:\/\/www.europesays.com\/it\/wp-json\/wp\/v2\/types\/post"}],"author":[{"embeddable":true,"href":"https:\/\/www.europesays.com\/it\/wp-json\/wp\/v2\/users\/3"}],"replies":[{"embeddable":true,"href":"https:\/\/www.europesays.com\/it\/wp-json\/wp\/v2\/comments?post=250642"}],"version-history":[{"count":0,"href":"https:\/\/www.europesays.com\/it\/wp-json\/wp\/v2\/posts\/250642\/revisions"}],"wp:featuredmedia":[{"embeddable":true,"href":"https:\/\/www.europesays.com\/it\/wp-json\/wp\/v2\/media\/250643"}],"wp:attachment":[{"href":"https:\/\/www.europesays.com\/it\/wp-json\/wp\/v2\/media?parent=250642"}],"wp:term":[{"taxonomy":"category","embeddable":true,"href":"https:\/\/www.europesays.com\/it\/wp-json\/wp\/v2\/categories?post=250642"},{"taxonomy":"post_tag","embeddable":true,"href":"https:\/\/www.europesays.com\/it\/wp-json\/wp\/v2\/tags?post=250642"}],"curies":[{"name":"wp","href":"https:\/\/api.w.org\/{rel}","templated":true}]}}