{"id":250668,"date":"2025-12-08T03:05:13","date_gmt":"2025-12-08T03:05:13","guid":{"rendered":"https:\/\/www.europesays.com\/it\/250668\/"},"modified":"2025-12-08T03:05:13","modified_gmt":"2025-12-08T03:05:13","slug":"serie-a-napoli-juventus-diretta-ansa","status":"publish","type":"post","link":"https:\/\/www.europesays.com\/it\/250668\/","title":{"rendered":"Serie A: Napoli-Juventus DIRETTA &#8211; ANSA"},"content":{"rendered":"<ol>\n<li><a href=\"https:\/\/news.google.com\/rss\/articles\/CBMi4wFBVV95cUxNUmw4OU9EN19DWks1bEZtWmRwRmpNZllaRDBKY01WLU9qN2NPaEFhT3dTejYtUkc5aWVGWndvT3FxdjJUcVlNVzRTU19USkxFR3ZNeFdiYjE5Znoxa19aV0JxRlB4NDkzMHRNZFNkQ0FCNEdmNkU5QzZGNUYweDhPQXNFUm5Ba2l0VFZuUVNSa29OZkVLWHJBX19yZjFhU0s3VmljZDE3emNLSkpUeC1fTVlzOFc0TWhheVFvUUlvdVNtQ2xlVkVuUk1fQ1htUG9saXVwbGRZMkk4aGJXR2p4REZBQQ?oc=5\" target=\"_blank\" rel=\"nofollow noopener\">Serie A: Napoli-Juventus DIRETTA<\/a>&nbsp;&nbsp;ANSA<\/li>\n<li><a href=\"https:\/\/news.google.com\/rss\/articles\/CBMitgFBVV95cUxPWWItTVpsTkZVRnFudDFYZjZEMDc0bmxmc1pCWkM4MDU0cUFxd2Z3Tm8xcWlXUGlTMDdZTmp2UUNTTTVLbDBxbzhrem8wbmlURnRqRm5jUXMzTnNCT2JzYy1RR0JPWHBydW12Vnl2djJoc25JckgtVEhVTmowWlRhUExiY1VCMENKM2ZRTUtnY1hYdW0xc1VHUkszdFZNbUJEdjM4VFREb2ZVQ0lwN1QwYW11MTVhQQ?oc=5\" target=\"_blank\" rel=\"nofollow noopener\">Spalletti: &#8220;Il Napoli \u00e8 andato pi\u00f9 forte. Servono passi avanti e Yildiz pu\u00f2 fare di pi\u00f9&#8221;<\/a>&nbsp;&nbsp;La Gazzetta dello Sport<\/li>\n<li><a href=\"https:\/\/news.google.com\/rss\/articles\/CBMi2gFBVV95cUxPNlZubkxmSW16dmx1akNBdEh3M1FnV0lvZm1mNk1WTVBmT0FTbGtVcmFMNldubVFFaTktMmI2VzVjWDM0VWVFdTJpS1dqWEQ1QTdJdGZvbkdMTWtjV0kzVWE4T2NWRlNsczNPNWdmSzQweDlpcHVWOFZHZGZCWXZ6OGs1cmxKMTdqT1VRTVVZcE5xTmU5MUFKVXRWdmY3UWV2NjFFVkZtcExyaUJ4b1ZaSjYyMTNFcGdVa0c3eVNDMUFmLWt5Ui1qYTg0WmFJMmtYZXZkTlFPYTJHUdIBeEFVX3lxTE1sMXEtWFBZSUtGd2RYeG5mYVpqSkZUeDcySXdjNjRiNGhpOHQ0R01WR05XVF9kRk4yY21jbHNIVGlIWmcxOGFWUWVvMUUwUFhqeXlUdEoxa3J0dTR2MWhlX3dOeTNXUGt6dW1BU2t5Vkw5VWJnRFN5Ng?oc=5\" target=\"_blank\" rel=\"nofollow noopener\">Serie A: Napoli-Juventus 2-1, Conte torna in vetta con super-Hojlund<\/a>&nbsp;&nbsp;Sportmediaset<\/li>\n<li><a href=\"https:\/\/news.google.com\/rss\/articles\/CBMixAFBVV95cUxNbTdJMFN0eWZWdnluUkJEY1ZYRUtlX2xfWUlsdWVaUEVfTktjY3lCeEFVNE1BU2lzWlgtUkFGdTF0STMwLXVOYlZtaEFVeWxLSk1sdnBobFJaOThkSkZaNWJlVGdTRjN0SzVIOFRiUkxqdkZqY0M5ZWl6VUxldVFmTUl1dklXOGtaWmdXZERyYUU4NnJKcjRDUExXaW1BUlMxX3Z4MUViVmJfc3RpVzU2ckx4X0llcVpOWjJKa3pxSEJLbnZT?oc=5\" target=\"_blank\" rel=\"nofollow noopener\">Serie A: Napoli-Juventus 2-1<\/a>&nbsp;&nbsp;ANSA<\/li>\n<li><a href=\"https:\/\/news.google.com\/rss\/articles\/CBMihAFBVV95cUxQTy1kanY0SjZwUFNkZ3VqM3lSWDZKbEVYM28wUE9EZjJQd1NGY3EzWF9na0dvSnlXaUdjRzRSR19mNHk0RXIxRzVEbHRoVTVheVQxOFo2OUt2cWV6UEF5YmJXQmtNQXktRnVNbjY2eGxrcnRfbnNmTVdhYklJck5qLU5YYU4?oc=5\" target=\"_blank\" rel=\"nofollow noopener\">Serie A | Napoli-Juventus | Il tabellino<\/a>&nbsp;&nbsp;Juventus.com<\/li>\n<\/ol>\n","protected":false},"excerpt":{"rendered":"Serie A: Napoli-Juventus DIRETTA&nbsp;&nbsp;ANSA Spalletti: &#8220;Il Napoli \u00e8 andato pi\u00f9 forte. Servono passi avanti e Yildiz pu\u00f2 fare&hellip;\n","protected":false},"author":3,"featured_media":250669,"comment_status":"","ping_status":"","sticky":false,"template":"","format":"standard","meta":{"footnotes":""},"categories":[1452],"tags":[721,1740,1537,90,89,1739,245,244],"class_list":{"0":"post-250668","1":"post","2":"type-post","3":"status-publish","4":"format-standard","5":"has-post-thumbnail","7":"category-calcio","8":"tag-calcio","9":"tag-football","10":"tag-it","11":"tag-italia","12":"tag-italy","13":"tag-soccer","14":"tag-sport","15":"tag-sports"},"share_on_mastodon":{"url":"https:\/\/pubeurope.com\/@it\/115681737207351856","error":""},"_links":{"self":[{"href":"https:\/\/www.europesays.com\/it\/wp-json\/wp\/v2\/posts\/250668","targetHints":{"allow":["GET"]}}],"collection":[{"href":"https:\/\/www.europesays.com\/it\/wp-json\/wp\/v2\/posts"}],"about":[{"href":"https:\/\/www.europesays.com\/it\/wp-json\/wp\/v2\/types\/post"}],"author":[{"embeddable":true,"href":"https:\/\/www.europesays.com\/it\/wp-json\/wp\/v2\/users\/3"}],"replies":[{"embeddable":true,"href":"https:\/\/www.europesays.com\/it\/wp-json\/wp\/v2\/comments?post=250668"}],"version-history":[{"count":0,"href":"https:\/\/www.europesays.com\/it\/wp-json\/wp\/v2\/posts\/250668\/revisions"}],"wp:featuredmedia":[{"embeddable":true,"href":"https:\/\/www.europesays.com\/it\/wp-json\/wp\/v2\/media\/250669"}],"wp:attachment":[{"href":"https:\/\/www.europesays.com\/it\/wp-json\/wp\/v2\/media?parent=250668"}],"wp:term":[{"taxonomy":"category","embeddable":true,"href":"https:\/\/www.europesays.com\/it\/wp-json\/wp\/v2\/categories?post=250668"},{"taxonomy":"post_tag","embeddable":true,"href":"https:\/\/www.europesays.com\/it\/wp-json\/wp\/v2\/tags?post=250668"}],"curies":[{"name":"wp","href":"https:\/\/api.w.org\/{rel}","templated":true}]}}