{"id":250674,"date":"2025-12-08T03:13:14","date_gmt":"2025-12-08T03:13:14","guid":{"rendered":"https:\/\/www.europesays.com\/it\/250674\/"},"modified":"2025-12-08T03:13:14","modified_gmt":"2025-12-08T03:13:14","slug":"proteine-meglio-assumerle-prima-o-dopo-lo-sport-e-in-che-modo","status":"publish","type":"post","link":"https:\/\/www.europesays.com\/it\/250674\/","title":{"rendered":"Proteine, meglio assumerle prima o dopo lo sport? E in che modo?"},"content":{"rendered":"<p>    di<br \/>\n    Eliana Liotta<\/p>\n<p class=\"summary-art is-line-h-12\">La rubrica \u00abSmart Tips\u00bb \u00e8 dedicata a chi si rivolge alle proteine per incrementare la massa muscolare. \u00c8 vero che i muscoli sono pi\u00f9 ricettivi entro 30 minuti dall&#8217;esercizio?<\/p>\n<p class=\"chapter-paragraph\">Molti ritengono che si debbano assumere <b>proteine subito dopo l\u2019allenamento perch\u00e9 aumenti la massa muscolare<\/b>. L\u2019idea, forse promossa dai produttori di integratori per rifornire i frequentatori delle palestre, \u00e8 che <b>i muscoli siano pi\u00f9 ricettivi entro 30 minuti<\/b> dalla loro stimolazione.\u00a0<\/p>\n<p class=\"chapter-paragraph\">In realt\u00e0, la finestra anabolica non \u00e8 cos\u00ec ristretta e, secondo gli studi recenti, \u00e8 pi\u00f9 simile a una porta del garage, che rimane aperta a lungo. Le linee guida italiane sull\u2019alimentazione raccomandano che il pasto successivo a una sessione impegnativa contenga <b>carboidrati e proteine <\/b>e avvenga in \u00abuna fase precoce\u00bb per favorire il ripristino del glicogeno e l\u2019avvio dei processi di riparazione muscolare.    &#13;<br \/>\n&#13;<br \/>\n&#13;<br \/>\n&#13;<br \/>\n&#13;<br \/>\n&#13;<br \/>\n&#13;<br \/>\n&#13;<br \/>\n&#13;<br \/>\n&#13;<br \/>\n&#13;<br \/>\n&#13;<br \/>\n&#13;<br \/>\n&#13;<br \/>\n&#13;<br \/>\n&#13;<br \/>\n&#13;<br \/>\n&#13;<br \/>\n&#13;<br \/>\n&#13;<br \/>\n&#13;<br \/>\n&#13;<br \/>\n&#13;<br \/>\n&#13;<br \/>\n&#13;<br \/>\n&#13;<br \/>\n&#13;<br \/>\n&#13;<br \/>\n&#13;<br \/>\n&#13;<br \/>\n&#13;<br \/>\n&#13;<br \/>\n&#13;<br \/>\n&#13;<br \/>\n&#13;<br \/>\n&#13;<br \/>\n&#13;<br \/>\n&#13;<br \/>\n&#13;<br \/>\n&#13;<br \/>\n&#13;<br \/>\n&#13;<br \/>\n&#13;<br \/>\n&#13;<br \/>\n&#13;<br \/>\n&#13;<br \/>\n&#13;<br \/>\n&#13;<br \/>\n&#13;<br \/>\n&#13;<br \/>\n&#13;<br \/>\n&#13;<br \/>\n&#13;\n<\/p>\n<p>    Le ricerche\u00a0<\/p>\n<p class=\"chapter-paragraph\">Un lavoro del 2024, pubblicato su Frontiers in Nutrition, mostra i risultati di un esperimento su 31 uomini divisi in due gruppi.\u00a0<br \/>Per otto settimane a un gruppo \u00e8 stato chiesto di <b>bere un frullato proteico<\/b> subito prima e dopo l\u2019attivit\u00e0 fisica, all\u2019altro gruppo tre ore prima e tre ore dopo. <b>Non sono state rilevate differenze<\/b> significative, il che ha portato i ricercatori a concludere che il fattore primario\u00a0nel favorire la crescita muscolare fosse <b>la quantit\u00e0 totale\u00a0di proteine nella giornata<\/b>, non il momento in cui le assumevano.\u00a0<br \/>Gli esiti sono in linea con altre indagini. Per esempio, con una meta-analisi che ha esaminato i risultati\u00a0di cinque studi clinici (Nutrients, 2025).<\/p>\n<p>    Cosa mangiare\u00a0<\/p>\n<p class=\"chapter-paragraph\">Quel che sembra contare di pi\u00f9\u00a0\u00e8 l\u2019ammontare totale in un giorno. Secondo le linee guida elaborate dalla Societ\u00e0 italiana di nutrizione umana (Sinu), per un adulto che fa attivit\u00e0 moderata il fabbisogno quotidiano raccomandato \u00e8 di circa 0,9 grammi di proteine per chilo di peso corporeo (peso ideale). <b>Per una persona\u00a0di 60 chili significa una cinquantina di grammi al giorno<\/b>: l\u2019equivalente, per esempio, di <b>una porzione di salmone, <br \/>una di legumi e una di yogurt greco.<\/b><\/p>\n<p>    Gli sportivi\u00a0<\/p>\n<p class=\"chapter-paragraph\">Per gli <b>atleti di forza<\/b>, in base alle indicazioni delle societ\u00e0 scientifiche, si arriva fino a 1,6-2,2 grammi\u00a0di proteine per chilo. Andare oltre questi valori non \u00e8 solo inutile, ma <a href=\"https:\/\/www.corriere.it\/salute\/nutrizione\/25_luglio_05\/mania-proteine-per-dimagrire-e-farsi-i-muscoli-ma-quante-e-quali-servono-davvero-a47291ab-6ab5-4c4c-b9ef-ec220d9a8xlk.shtml\" title=\"Mania proteine per dimagrire e \u00abfarsi\u00bb i muscoli: ma quante e quali servono davvero?\" rel=\"nofollow noopener\" target=\"_blank\">pu\u00f2 diventare dannoso<\/a>.\u00a0<\/p>\n<p class=\"chapter-paragraph\">* La revisione scientifica \u00e8 di Enzo Spisni, docente\u00a0di Fisiologia della nutrizione all\u2019Universit\u00e0 di Bologna.<\/p>\n<p class=\"is-last-update\" datetime=\"2025-12-07T06:30:06+01:00\">7 dicembre 2025<\/p>\n<p class=\"is-copyright\">\n            \u00a9 RIPRODUZIONE RISERVATA\n        <\/p>\n","protected":false},"excerpt":{"rendered":"di Eliana Liotta La rubrica \u00abSmart Tips\u00bb \u00e8 dedicata a chi si rivolge alle proteine per incrementare la&hellip;\n","protected":false},"author":3,"featured_media":250675,"comment_status":"","ping_status":"","sticky":false,"template":"","format":"standard","meta":{"footnotes":""},"categories":[175],"tags":[1498,3545,3882,108358,19267,7241,19185,147700,3453,239,1537,90,89,18327,20828,8990,14411,3479,10277,10267,147701,147702,260,11630,18585,147703,147704,147705,240],"class_list":{"0":"post-250674","1":"post","2":"type-post","3":"status-publish","4":"format-standard","5":"has-post-thumbnail","7":"category-salute","8":"tag-attivita","9":"tag-chilo","10":"tag-entro","11":"tag-entro-minuti","12":"tag-favorire","13":"tag-grammi","14":"tag-grammi-proteine","15":"tag-grammi-proteine-chilo","16":"tag-guida","17":"tag-health","18":"tag-it","19":"tag-italia","20":"tag-italy","21":"tag-linee","22":"tag-linee-guida","23":"tag-massa","24":"tag-massa-muscolare","25":"tag-minuti","26":"tag-muscolare","27":"tag-muscoli","28":"tag-muscoli-ricettivi","29":"tag-muscoli-ricettivi-entro","30":"tag-nutrizione","31":"tag-peso","32":"tag-proteine","33":"tag-proteine-chilo","34":"tag-ricettivi","35":"tag-ricettivi-entro","36":"tag-salute"},"share_on_mastodon":{"url":"https:\/\/pubeurope.com\/@it\/115681768394339722","error":""},"_links":{"self":[{"href":"https:\/\/www.europesays.com\/it\/wp-json\/wp\/v2\/posts\/250674","targetHints":{"allow":["GET"]}}],"collection":[{"href":"https:\/\/www.europesays.com\/it\/wp-json\/wp\/v2\/posts"}],"about":[{"href":"https:\/\/www.europesays.com\/it\/wp-json\/wp\/v2\/types\/post"}],"author":[{"embeddable":true,"href":"https:\/\/www.europesays.com\/it\/wp-json\/wp\/v2\/users\/3"}],"replies":[{"embeddable":true,"href":"https:\/\/www.europesays.com\/it\/wp-json\/wp\/v2\/comments?post=250674"}],"version-history":[{"count":0,"href":"https:\/\/www.europesays.com\/it\/wp-json\/wp\/v2\/posts\/250674\/revisions"}],"wp:featuredmedia":[{"embeddable":true,"href":"https:\/\/www.europesays.com\/it\/wp-json\/wp\/v2\/media\/250675"}],"wp:attachment":[{"href":"https:\/\/www.europesays.com\/it\/wp-json\/wp\/v2\/media?parent=250674"}],"wp:term":[{"taxonomy":"category","embeddable":true,"href":"https:\/\/www.europesays.com\/it\/wp-json\/wp\/v2\/categories?post=250674"},{"taxonomy":"post_tag","embeddable":true,"href":"https:\/\/www.europesays.com\/it\/wp-json\/wp\/v2\/tags?post=250674"}],"curies":[{"name":"wp","href":"https:\/\/api.w.org\/{rel}","templated":true}]}}