{"id":250687,"date":"2025-12-08T03:32:19","date_gmt":"2025-12-08T03:32:19","guid":{"rendered":"https:\/\/www.europesays.com\/it\/250687\/"},"modified":"2025-12-08T03:32:19","modified_gmt":"2025-12-08T03:32:19","slug":"minacce-e-insulti-via-social-alle-mogli-dei-giocatori-della-fiorentina-e-vera-crisi-notizie","status":"publish","type":"post","link":"https:\/\/www.europesays.com\/it\/250687\/","title":{"rendered":"Minacce e insulti via social alle mogli dei giocatori della Fiorentina, \u00e8 vera crisi &#8211; Notizie"},"content":{"rendered":"<p>Firenze \u00e8 in ansia e ribolle per la propria squadra che, a dispetto delle ambizioni sbandierate a inizio stagione e dei 92 milioni di euro investiti sul mercato estivo, sta precipitando sempre di pi\u00f9. Una caduta che appare inarrestabile per questa Fiorentina che dopo 14 giornate \u00e8 in fondo alla classifica con appena 6 punti, non ha ancora vinto una partita e ne ha perse 8, l&#8217;ultima ieri a Reggio Emilia con il Sassuolo.<\/p>\n<p>Lo spettro della Serie B aleggia anche perch\u00e9 a niente per adesso sono serviti il cambio di allenatore (un mese Paolo Vanoli \u00e8 subentrato all&#8217;esonerato Stefano Pioli), le dimissioni del ds Daniele Prad\u00e8 (rimpiazzato da una scelta interna, l&#8217;ex dt Roberto Goretti) e il recente patto stretto con i tifosi (ieri al Mapei Stadium erano 4000, hanno incitato la squadra fino all&#8217;ultimo salvo sfogare alla fine rabbia e delusione comprensibili).\u00a0<\/p>\n<p>Per approfondire <a href=\"https:\/\/www.ansa.it\/sito\/notizie\/sport\/calcio\/2025\/12\/06\/serie-a-tris-del-sassuolo-per-la-fiorentina-e-notte-fonda_882feaf4-78be-4b02-a1e6-1d83ebc298f9.html\" target=\"_blank\" class=\"post\" rel=\"noopener nofollow\"> <img decoding=\"async\" class=\"img\" src=\"https:\/\/www.europesays.com\/it\/wp-content\/uploads\/2025\/12\/479791ab7ac38e9aa6cf9021376cda8b.jpg\"\/> <img decoding=\"async\" class=\"favicon\" src=\"https:\/\/www.ansa.it\/sito\/img\/ico\/favicon.ico\"\/> Agenzia ANSA Serie A: Tris del Sassuolo, per la Fiorentina \u00e8 notte fonda &#8211; Calcio &#8211; Ansa.it La viola va in vantaggio su rigore, ma poi si scioglie (ANSA) <\/a><\/p>\n<p>La Fiorentina, finita pure nei mirino degli odiatori social che hanno minacciato i giocatori e le loro famiglie, \u00e8 una scatola vuota, senza anima e ardore, con evidenti limiti fisici, tecnici e mentali, dove nulla sta funzionando: la difesa con 24 reti incassate \u00e8 al momento la peggiore della Serie A, il centrocampo non crea n\u00e9 argina, l&#8217;attacco \u00e8 impreciso e sterile (appena 11 gol realizzati). Rispetto ad un anno fa i viola hanno 25 punti in meno (record negativo) e un gruppo slegato come dimostrano gli episodi di queste ore. A partire dal caso del rigore: ieri lo ha battuto Mandragora ma era pronto Kean che non ha esultato, anche se il primo rigorista della squadra \u00e8 Gudmundsson.<\/p>\n<p>&#8221;Ma non se l&#8217;\u00e8 sentita&#8221; ha spiegato Vanoli salvo essere smentito oggi dal giocatore islandese rispondendo via social a un tifoso: &#8221;Non ho mai e non rifiuter\u00f2 mai di calciare un rigore, li ho sempre tirati per il club senza problemi. Ieri un altro giocatore ha preso la palla e io non sono quel tipo di persona che litiga con il compagno di squadra davanti allo stadio pieno&#8221;. In un colpo nel mirino di Gudmundsson sono finiti, oltre al tecnico, anche lo stesso Mandragora e Kean. E sempre ieri Ranieri, che \u00e8 il capitano (assai discusso) di questa Fiorentina, quando \u00e8 stato sostituito ha ignorato Vanoli, passandogli davanti senza dargli la mano o un saluto. Episodi stigmatizzati da Goretti che gettano ulteriore benzina su un ambiente gi\u00e0 incandescente, a cui vanno aggiunte le vergognose minacce arrivate via social ai giocatori e alle loro mogli (coinvolgendo pure i figli), fra queste la consorte di Dodo che ieri sera ha denunciato tutto sul proprio profilo Instagram.<\/p>\n<p>La societ\u00e0 viola tramite una nota, oltre ad esprimere piena solidariet\u00e0 e totale condanna di quanto avvenuto (&#8220;Non ci sar\u00e0 mai spazio nel nostro club per intimidazioni, odio o violenza, il nostro impegno a protezione dei nostri giocatori e delle loro famiglie rimane assoluto&#8221;), ha fatto sapere di &#8220;essersi messo subito in contatto con le autorit\u00e0 competenti perch\u00e9 siano garantite e adottate tutte le misure necessarie a tutela della sicurezza e della serenit\u00e0 dei nostri tesserati, dei loro cari e delle famiglie coinvolte&#8221;. Gi\u00e0 stamani intanto la squadra si \u00e8 ritrovata al Viola Park per preparare l&#8217;impegno di gioved\u00ec di Conference League contro la Dinamo Kiev, cui seguir\u00e0 sempre al Franchi lo scontro diretto domenica con il Verona che proprio ieri ha centrato il primo successo in campionato, contro l&#8217;Atalanta, lasciando i viola ultimi da soli.<\/p>\n<p class=\"article-copyright\">\n<p>Riproduzione riservata \u00a9 Copyright ANSA<\/p>\n","protected":false},"excerpt":{"rendered":"Firenze \u00e8 in ansia e ribolle per la propria squadra che, a dispetto delle ambizioni sbandierate a inizio&hellip;\n","protected":false},"author":3,"featured_media":250688,"comment_status":"","ping_status":"","sticky":false,"template":"","format":"standard","meta":{"footnotes":""},"categories":[1452],"tags":[721,1740,1537,90,89,1739,245,244],"class_list":{"0":"post-250687","1":"post","2":"type-post","3":"status-publish","4":"format-standard","5":"has-post-thumbnail","7":"category-calcio","8":"tag-calcio","9":"tag-football","10":"tag-it","11":"tag-italia","12":"tag-italy","13":"tag-soccer","14":"tag-sport","15":"tag-sports"},"share_on_mastodon":{"url":"https:\/\/pubeurope.com\/@it\/115681843685844332","error":""},"_links":{"self":[{"href":"https:\/\/www.europesays.com\/it\/wp-json\/wp\/v2\/posts\/250687","targetHints":{"allow":["GET"]}}],"collection":[{"href":"https:\/\/www.europesays.com\/it\/wp-json\/wp\/v2\/posts"}],"about":[{"href":"https:\/\/www.europesays.com\/it\/wp-json\/wp\/v2\/types\/post"}],"author":[{"embeddable":true,"href":"https:\/\/www.europesays.com\/it\/wp-json\/wp\/v2\/users\/3"}],"replies":[{"embeddable":true,"href":"https:\/\/www.europesays.com\/it\/wp-json\/wp\/v2\/comments?post=250687"}],"version-history":[{"count":0,"href":"https:\/\/www.europesays.com\/it\/wp-json\/wp\/v2\/posts\/250687\/revisions"}],"wp:featuredmedia":[{"embeddable":true,"href":"https:\/\/www.europesays.com\/it\/wp-json\/wp\/v2\/media\/250688"}],"wp:attachment":[{"href":"https:\/\/www.europesays.com\/it\/wp-json\/wp\/v2\/media?parent=250687"}],"wp:term":[{"taxonomy":"category","embeddable":true,"href":"https:\/\/www.europesays.com\/it\/wp-json\/wp\/v2\/categories?post=250687"},{"taxonomy":"post_tag","embeddable":true,"href":"https:\/\/www.europesays.com\/it\/wp-json\/wp\/v2\/tags?post=250687"}],"curies":[{"name":"wp","href":"https:\/\/api.w.org\/{rel}","templated":true}]}}