{"id":250717,"date":"2025-12-08T04:26:15","date_gmt":"2025-12-08T04:26:15","guid":{"rendered":"https:\/\/www.europesays.com\/it\/250717\/"},"modified":"2025-12-08T04:26:15","modified_gmt":"2025-12-08T04:26:15","slug":"sm-maignan-milan-la-richiesta-per-il-rinnovo-e-alta-inter-juve-e-psg","status":"publish","type":"post","link":"https:\/\/www.europesays.com\/it\/250717\/","title":{"rendered":"SM &#8211; Maignan-Milan: la richiesta per il rinnovo \u00e8 alta. Inter, Juve e PSG&#8230;"},"content":{"rendered":"<p>Il portiere francese non ha ancora rinnovato con il club rossonero e la firma sembra sempre pi\u00f9 lontana<\/p>\n<p>Al momento non ci sono le condizioni per il rinnovo di Mike Maignan. Hanno parlato del portiere rossonero a XXL e hanno sottolineato che tra lui e il Milan &#8220;le posizioni sono sempre pi\u00f9 rigide&#8221;. Stando a quanto riportato da Claudio Raimondi, inviato Mediaset, gli agenti del francese avrebbero chiesto per il prolungamento del contratto una cifra sugli otto mln.<\/p>\n<p>L&#8217;offerta del club rossonero \u00e8 ferma a cinque mln. Per rimanere al Milan il capitano chiede uno status importante. Difficilmente il club rossonero per\u00f2, riferiscono da SportMediaset, penser\u00e0 a quelle cifre. Il portiere, che \u00e8 in scadenza, sar\u00e0 libero di firmare con un altro club a partire da gennaio.<\/p>\n<p>Tanti i club che pensano a lui: Inter, Juve e pure PSG, hanno spiegato su Italia 1.<\/p>\n<p class=\"is-copyright\">\u00a9 RIPRODUZIONE RISERVATA<\/p>\n","protected":false},"excerpt":{"rendered":"Il portiere francese non ha ancora rinnovato con il club rossonero e la firma sembra sempre pi\u00f9 lontana&hellip;\n","protected":false},"author":3,"featured_media":250718,"comment_status":"","ping_status":"","sticky":false,"template":"","format":"standard","meta":{"footnotes":""},"categories":[1452],"tags":[721,554,31555,1740,3368,350,23777,147712,1537,90,89,565,553,2855,9611,1739,245,244],"class_list":{"0":"post-250717","1":"post","2":"type-post","3":"status-publish","4":"format-standard","5":"has-post-thumbnail","7":"category-calcio","8":"tag-calcio","9":"tag-club","10":"tag-club-rossonero","11":"tag-football","12":"tag-francese","13":"tag-inter","14":"tag-inter-juve","15":"tag-inter-juve-psg","16":"tag-it","17":"tag-italia","18":"tag-italy","19":"tag-juve","20":"tag-milan","21":"tag-portiere","22":"tag-rossonero","23":"tag-soccer","24":"tag-sport","25":"tag-sports"},"share_on_mastodon":{"url":"https:\/\/pubeurope.com\/@it\/115682055577867326","error":""},"_links":{"self":[{"href":"https:\/\/www.europesays.com\/it\/wp-json\/wp\/v2\/posts\/250717","targetHints":{"allow":["GET"]}}],"collection":[{"href":"https:\/\/www.europesays.com\/it\/wp-json\/wp\/v2\/posts"}],"about":[{"href":"https:\/\/www.europesays.com\/it\/wp-json\/wp\/v2\/types\/post"}],"author":[{"embeddable":true,"href":"https:\/\/www.europesays.com\/it\/wp-json\/wp\/v2\/users\/3"}],"replies":[{"embeddable":true,"href":"https:\/\/www.europesays.com\/it\/wp-json\/wp\/v2\/comments?post=250717"}],"version-history":[{"count":0,"href":"https:\/\/www.europesays.com\/it\/wp-json\/wp\/v2\/posts\/250717\/revisions"}],"wp:featuredmedia":[{"embeddable":true,"href":"https:\/\/www.europesays.com\/it\/wp-json\/wp\/v2\/media\/250718"}],"wp:attachment":[{"href":"https:\/\/www.europesays.com\/it\/wp-json\/wp\/v2\/media?parent=250717"}],"wp:term":[{"taxonomy":"category","embeddable":true,"href":"https:\/\/www.europesays.com\/it\/wp-json\/wp\/v2\/categories?post=250717"},{"taxonomy":"post_tag","embeddable":true,"href":"https:\/\/www.europesays.com\/it\/wp-json\/wp\/v2\/tags?post=250717"}],"curies":[{"name":"wp","href":"https:\/\/api.w.org\/{rel}","templated":true}]}}