{"id":250724,"date":"2025-12-08T04:37:20","date_gmt":"2025-12-08T04:37:20","guid":{"rendered":"https:\/\/www.europesays.com\/it\/250724\/"},"modified":"2025-12-08T04:37:20","modified_gmt":"2025-12-08T04:37:20","slug":"dongfeng-2026-tutte-le-novita-in-arrivo","status":"publish","type":"post","link":"https:\/\/www.europesays.com\/it\/250724\/","title":{"rendered":"Dongfeng 2026, tutte le novit\u00e0 in arrivo"},"content":{"rendered":"<p><strong>Dongfeng<\/strong> prepara un&#8217;offensiva importante per il <strong>2026<\/strong>. Il marchio cinese ha debuttato nel nostro mercato nel 2025 con diversi modelli, tra cui la piccola elettrica Box e il SUV Huge e per il nuovo anno arricchisce la gamma con tante vetture sia elettriche che ibride con tecnologia range extender.<\/p>\n<p>Scopriamo, quindi, tutti i nuovi modelli Dongfeng in arrivo nel 2026.<\/p>\n<p><a id=\"mage\"\/>Dongfeng Mage L7<\/p>\n<p data-start=\"1910\" data-end=\"2714\">La <strong>Mage L7<\/strong> \u00e8 un <strong>SUV ibrido plug-in<\/strong> che abbina un motore turbo benzina da 1,5 litri da 152 CV a un motore elettrico anteriore da 100 kW, per una potenza di sistema di <strong>355 CV e 615 Nm<\/strong> di coppia.<\/p>\n<p>        <img decoding=\"async\" src=\"https:\/\/www.europesays.com\/it\/wp-content\/uploads\/2025\/07\/16x9-tr.png\" alt=\"Dongfeng Mage L7\" width=\"16\" height=\"9\" loading=\"lazy\"\/><\/p>\n<p>Foto di: Dongfeng<\/p>\n<p data-start=\"1910\" data-end=\"2714\">L\u2019autonomia elettrica raggiunge i 110 km grazie alla batteria LFP da 17 kWh, mentre la versione con accumulatore da 30,3 kWh permette di percorrere fino a 205 km a zero emissioni. Dentro troviamo una dotazione tecnologica di alto livello, alimentata da un processore Qualcomm Snapdragon 8155.<\/p>\n<tr>\n<td>Modello<\/td>\n<td>Dongfeng Mage L7<\/td>\n<\/tr>\n<tr>\n<td>Carrozzeria<\/td>\n<td>SUV segmento C<\/td>\n<\/tr>\n<tr>\n<td>Motori<\/td>\n<td>Ibridi plug-in<\/td>\n<\/tr>\n<tr>\n<td>Lancio<\/td>\n<td>Gennaio 2026<\/td>\n<\/tr>\n<tr>\n<td>Prezzo<\/td>\n<td>n.d.<\/td>\n<\/tr>\n<p><a id=\"shine\"\/>Dongfeng Shine GS<\/p>\n<p data-start=\"2739\" data-end=\"3376\">La Shine GS rappresenta la proposta <strong>station wagon<\/strong> del marchio, sviluppata come variante pi\u00f9 spaziosa della berlina <a href=\"https:\/\/it.motor1.com\/news\/768751\/dongfeng-modelli-gamma-italia-prezzi\/\" data-inline-widget=\"internal-links\" data-type-id=\"0\" data-params=\"%7B%22article_edition_id%22%3A%22768751%22%2C%22section%22%3A%221%22%2C%22alias%22%3A%22dongfeng-modelli-gamma-italia-prezzi%22%7D\" rel=\"nofollow noopener\" target=\"_blank\">Shine<\/a>. Il modello mantiene un\u2019impostazione tradizionale con motori termici e dovrebbe adottare un<strong> 1.5 benzina da 125 CV<\/strong>, configurato per privilegiare efficienza e semplicit\u00e0 tecnica.<\/p>\n<p>        <img decoding=\"async\" src=\"https:\/\/www.europesays.com\/it\/wp-content\/uploads\/2025\/07\/16x9-tr.png\" alt=\"Dongfeng Shine GS\" width=\"16\" height=\"9\" loading=\"lazy\"\/><\/p>\n<p>Foto di: Dongfeng<\/p>\n<tr>\n<td>Modello<\/td>\n<td>Dongfeng Shine GS<\/td>\n<\/tr>\n<tr>\n<td>Carrozzeria<\/td>\n<td>Station wagon segmento D<\/td>\n<\/tr>\n<tr>\n<td>Motori<\/td>\n<td>Benzina<\/td>\n<\/tr>\n<tr>\n<td>Lancio<\/td>\n<td>Gennaio 2026\u00a0<\/td>\n<\/tr>\n<tr>\n<td>Prezzo<\/td>\n<td>n.d.<\/td>\n<\/tr>\n<p><a id=\"vigo\"\/>Dongfeng Vigo<\/p>\n<p data-start=\"1128\" data-end=\"1886\">La Vigo \u00e8 un <strong>crossover<\/strong> compatto completamente elettrico, progettato per offrire grande abitabilit\u00e0 nonostante misure contenute. Il motore da 163 CV \u00e8 alimentato da una batteria LFP Mach E da 51,87 kWh prodotta da CATL, che permette un\u2019autonomia di 471 km e consente una ricarica rapida dal 30 all\u201980% in 18 minuti.\u00a0<\/p>\n<p>        <img decoding=\"async\" src=\"https:\/\/www.europesays.com\/it\/wp-content\/uploads\/2025\/07\/16x9-tr.png\" alt=\"Dongfeng Vigo\" width=\"16\" height=\"9\" loading=\"lazy\"\/><\/p>\n<p>Foto di: Dongfeng<\/p>\n<tr>\n<td>Modello<\/td>\n<td>Dongfeng Vigo<\/td>\n<\/tr>\n<tr>\n<td>Carrozzeria<\/td>\n<td>Crossover segmento B<\/td>\n<\/tr>\n<tr>\n<td>Motori<\/td>\n<td>Elettrici<\/td>\n<\/tr>\n<tr>\n<td>Lancio<\/td>\n<td>Gennaio 2026\u00a0<\/td>\n<\/tr>\n<tr>\n<td>Prezzo<\/td>\n<td>n.d.<\/td>\n<\/tr>\n<p><a id=\"zerozerosette\"\/>Dongfeng 007<\/p>\n<p>La 007 \u00e8 una berlina ad alte prestazioni, sviluppata sulla <strong>piattaforma Quantum Architecture<\/strong> pensata per modelli elettrici e ibridi. La versione a<strong> trazione integrale<\/strong> utilizza due motori per una potenza complessiva di\u00a0 544 CV, con 640 Nm di coppia e un\u2019accelerazione da 0 a 100 km\/h in 3,9 secondi. La batteria LFP da 70,26 kWh consente un\u2019autonomia di 620 km.<\/p>\n<p>        <img decoding=\"async\" src=\"https:\/\/www.europesays.com\/it\/wp-content\/uploads\/2025\/07\/16x9-tr.png\" alt=\"Dongfeng 007\" width=\"16\" height=\"9\" loading=\"lazy\"\/><\/p>\n<p>Foto di: Dongfeng<\/p>\n<p>La variante Extended Range adotta invece uno schema a due ruote motrici, con un motore elettrico da 218 CV e 310 Nm assistito da un\u2019unit\u00e0 termica, per 200 km in elettrico e 1.200 km complessivi grazie alla batteria da 28,4 kWh.\u00a0<\/p>\n<tr>\n<td>Modello<\/td>\n<td>Dongfeng 007<\/td>\n<\/tr>\n<tr>\n<td>Carrozzeria<\/td>\n<td>Berlina<\/td>\n<\/tr>\n<tr>\n<td>Motori<\/td>\n<td>Elettrici, Range Extender a benzina<\/td>\n<\/tr>\n<tr>\n<td>Lancio<\/td>\n<td>Marzo 2026<\/td>\n<\/tr>\n<tr>\n<td>Prezzo<\/td>\n<td>n.d.<\/td>\n<\/tr>\n<p><a id=\"mhero\"\/>MHero 817<\/p>\n<p>Questo<strong> fuoristrada elettrico<\/strong> enorme (4,99 metri di lunghezza e 2,08 m di larghezza) ha quattro motori elettrici (due per asse) e 1.088 CV e 1.400 Nm.\u00a0La batteria da <strong>142,7 kWh<\/strong> assicura un\u2019autonomia di 450 km e pu\u00f2 essere ricaricata dal 30 all\u201980% della sua capacit\u00e0 in corrente continua in 45 minuti. Capace di accelerare da 0 a 100 km\/h in 4,2 secondi e di raggiunge la velocit\u00e0 massima (autolimitata) di 180 km\/h, ha\u00a0il bloccaggio dei differenziali anteriore e posteriore, le sospensioni pneumatiche regolabili in altezza (con la distanza dal suolo che pu\u00f2 passare da 23 a 33,5 cm), generosi angoli di attacco e uscita (rispettivamente 37 e 28 gradi) e la capacit\u00e0 di superare guadi con profondit\u00e0 fino a 90 cm. Ci sono poi cinque modalit\u00e0 di guida (Mud, Sand, Snow, Gravel e Wade).<\/p>\n<p>        <img decoding=\"async\" src=\"https:\/\/www.europesays.com\/it\/wp-content\/uploads\/2025\/07\/16x9-tr.png\" alt=\"MHero 817\" width=\"16\" height=\"9\" loading=\"lazy\"\/><\/p>\n<p>Foto di: Dongfeng<\/p>\n<p>Questa <a href=\"https:\/\/it.motor1.com\/dongfeng\/\" data-inline-widget=\"internal-links\" data-type-id=\"2\" data-params=\"%7B%22alias%22%3A%22dongfeng%22%7D\" rel=\"nofollow noopener\" target=\"_blank\">Dongfeng <\/a>si pu\u00f2 avere\u00a0anche in versione Extended Range, con un motore termico turbo di 1.5 litri con funzione di generatore per la ricarica della batteria e di tre propulsori elettrici, per una potenza complessiva di 816 CV, che permette di arrivare da 0 a 100 km\/h in 6 secondi, e una coppia massima di 1.050 Nm. La batteria agli ioni di litio ha una capacit\u00e0 di 65,88 kWh.<\/p>\n<tr>\n<td>Modello<\/td>\n<td>MHero 817<\/td>\n<\/tr>\n<tr>\n<td>Carrozzeria<\/td>\n<td>Fuoristrada<\/td>\n<\/tr>\n<tr>\n<td>Motori<\/td>\n<td>Elettrici, Range Extender a benzina<\/td>\n<\/tr>\n<tr>\n<td>Lancio<\/td>\n<td>Febbraio 2026<\/td>\n<\/tr>\n<tr>\n<td>Prezzo<\/td>\n<td>n.d.<\/td>\n<\/tr>\n<p><a id=\"courage\"\/>Voyah Courage<\/p>\n<p>Il marchio <strong>Voyah<\/strong> appartenente alla galassia di Dongfeng introduce nella sua gamma il SUV Courage. Lungo 4,73 m e alto 1,65 m, \u00e8 solo elettrico ed \u00e8 disponibile in versioni a due o quattro ruote motrici. Le potenze variano dai 292 CV della versione RWD fino ai 436 CV del modello a trazione integrale. La batteria ha una capacit\u00e0 di 80 kWh.<\/p>\n<p>        <img decoding=\"async\" src=\"https:\/\/www.europesays.com\/it\/wp-content\/uploads\/2025\/07\/16x9-tr.png\" alt=\"Voyah Courage\" width=\"16\" height=\"9\" loading=\"lazy\"\/><\/p>\n<p>Foto di: Dongfeng<\/p>\n<tr>\n<td>Modello<\/td>\n<td>Voyah Courage<\/td>\n<\/tr>\n<tr>\n<td>Carrozzeria<\/td>\n<td>SUV segmento D<\/td>\n<\/tr>\n<tr>\n<td>Motori<\/td>\n<td>Elettrici<\/td>\n<\/tr>\n<tr>\n<td>Lancio<\/td>\n<td>Febbraio 2026\u00a0<\/td>\n<\/tr>\n<tr>\n<td>Prezzo<\/td>\n<td>n.d.<\/td>\n<\/tr>\n<p><a id=\"free\"\/>Voyah Free 318 EREV<\/p>\n<p>Questo SUV lungo 4,90 m e con un passo di 2,96 m, viene venduto con una motorizzazione Extended Range con un 1.5 da 150 CV e un motore elettrico posteriore da 272 CV, oltre a una batteria da 39,2 kWh. Ricco nella dotazione di sicurezza, ha\u00a0un sistema intelligente di visione notturna che rileva potenziali pericoli presenti nel raggio di 150 metri e avvisa in tempo reale il guidatore.\u00a0<\/p>\n<p>        <img decoding=\"async\" src=\"https:\/\/www.europesays.com\/it\/wp-content\/uploads\/2025\/07\/16x9-tr.png\" alt=\"Voyah Free 318\" width=\"16\" height=\"9\" loading=\"lazy\"\/><\/p>\n<p>Foto di: Dongfeng<\/p>\n<tr>\n<td>Modello<\/td>\n<td>Voyah Free 318 EREV<\/td>\n<\/tr>\n<tr>\n<td>Carrozzeria<\/td>\n<td>SUV segmento E<\/td>\n<\/tr>\n<tr>\n<td>Motori<\/td>\n<td>Range Extender a benzina<\/td>\n<\/tr>\n<tr>\n<td>Lancio<\/td>\n<td>Gennaio 2026\u00a0<\/td>\n<\/tr>\n<tr>\n<td>Prezzo<\/td>\n<td>n.d.<\/td>\n<\/tr>\n<p>                            <a href=\"http:\/\/it.motor1.com\/photos\/917313\/dongfeng-2026-le-novita\/#8345588_dongfeng-shine-gs\" class=\"msnt-photo-thumb-gallery-main-photo-box\" rel=\"nofollow noopener\" target=\"_blank\"><\/p>\n<p>                                    <img decoding=\"async\" src=\"https:\/\/www.europesays.com\/it\/wp-content\/uploads\/2025\/07\/16x9-tr.png\" loading=\"lazy\" alt=\"Dongfeng Shine GS\" width=\"16\" height=\"9\"\/><\/p>\n<p>                            <\/a><\/p>\n<p>                                    7                                <\/p>\n<p class=\"comfort-title-large flex gap-spacing-sm-base items-center\">\n<p>\t\tVogliamo la tua opinione!\n\t<\/p>\n<p>Cosa vorresti vedere su Motor1.com?<\/p>\n<p>\t\t<a href=\"https:\/\/it.motor1.com\/survey\/2025\/\" rel=\"nofollow noopener\" target=\"_blank\"><br \/>\n\t\t\tPartecipa al nostro sondaggio di 3 minuti.\t\t<\/a><\/p>\n<p class=\"compact-body-medium\">&#8211; Il team di Motor1.com<\/p>\n","protected":false},"excerpt":{"rendered":"Dongfeng prepara un&#8217;offensiva importante per il 2026. Il marchio cinese ha debuttato nel nostro mercato nel 2025 con&hellip;\n","protected":false},"author":3,"featured_media":250725,"comment_status":"","ping_status":"","sticky":false,"template":"","format":"standard","meta":{"footnotes":""},"categories":[172],"tags":[178,1518,28889,14473,177,38771,1537,90,89],"class_list":{"0":"post-250724","1":"post","2":"type-post","3":"status-publish","4":"format-standard","5":"has-post-thumbnail","7":"category-affari","8":"tag-affari","9":"tag-anticipazioni","10":"tag-auto-cinesi","11":"tag-auto-ibride","12":"tag-business","13":"tag-dongfeng","14":"tag-it","15":"tag-italia","16":"tag-italy"},"share_on_mastodon":{"url":"https:\/\/pubeurope.com\/@it\/115682099358558438","error":""},"_links":{"self":[{"href":"https:\/\/www.europesays.com\/it\/wp-json\/wp\/v2\/posts\/250724","targetHints":{"allow":["GET"]}}],"collection":[{"href":"https:\/\/www.europesays.com\/it\/wp-json\/wp\/v2\/posts"}],"about":[{"href":"https:\/\/www.europesays.com\/it\/wp-json\/wp\/v2\/types\/post"}],"author":[{"embeddable":true,"href":"https:\/\/www.europesays.com\/it\/wp-json\/wp\/v2\/users\/3"}],"replies":[{"embeddable":true,"href":"https:\/\/www.europesays.com\/it\/wp-json\/wp\/v2\/comments?post=250724"}],"version-history":[{"count":0,"href":"https:\/\/www.europesays.com\/it\/wp-json\/wp\/v2\/posts\/250724\/revisions"}],"wp:featuredmedia":[{"embeddable":true,"href":"https:\/\/www.europesays.com\/it\/wp-json\/wp\/v2\/media\/250725"}],"wp:attachment":[{"href":"https:\/\/www.europesays.com\/it\/wp-json\/wp\/v2\/media?parent=250724"}],"wp:term":[{"taxonomy":"category","embeddable":true,"href":"https:\/\/www.europesays.com\/it\/wp-json\/wp\/v2\/categories?post=250724"},{"taxonomy":"post_tag","embeddable":true,"href":"https:\/\/www.europesays.com\/it\/wp-json\/wp\/v2\/tags?post=250724"}],"curies":[{"name":"wp","href":"https:\/\/api.w.org\/{rel}","templated":true}]}}