{"id":250739,"date":"2025-12-08T05:05:18","date_gmt":"2025-12-08T05:05:18","guid":{"rendered":"https:\/\/www.europesays.com\/it\/250739\/"},"modified":"2025-12-08T05:05:18","modified_gmt":"2025-12-08T05:05:18","slug":"supermercati-aperti-il-7-e-8-dicembre-per-santambrogio-a-milano-e-limmacolata","status":"publish","type":"post","link":"https:\/\/www.europesays.com\/it\/250739\/","title":{"rendered":"Supermercati aperti il 7 e 8 dicembre per Sant\u2019Ambrogio (a Milano) e l\u2019Immacolata"},"content":{"rendered":"<p>Quali supermercati si possono trovare aperti luned\u00ec 8 dicembre, quando in Italia \u00e8 un giorno festivo perch\u00e9 si celebra l\u2019Immacolata? \u00c8 una domanda che si pongono diversi consumatori, alle prese con la spesa. A Milano \u00e8 festa anche il 7 dicembre, giorno di Sant\u2019Ambrogio: i supermercati in citt\u00e0 sono aperti? La prima cosa da sapere \u00e8 che s\u00ec, <b>in questi due giorni il servizio \u00e8 garantito nella maggior parte dei punti vendita<\/b>. Tuttavia, <b>\u00e8 possibile che i negozi non seguano la solita fascia oraria<\/b> ma siano aperti con orario ridotto. I supermercati dovrebbero essere aperti soprattutto nei centri pi\u00f9 grandi, mentre nei comuni pi\u00f9 piccoli \u00e8 possibile che si concedano la chiusura.<\/p>\n<p>\u00a0<\/p>\n<p><b>Su Insider<\/b>:\u00a0<a data-intcmp=\"skytg24_schede_interlink_text\" href=\"https:\/\/tg24.sky.it\/economia\/2025\/11\/13\/prezzi-alimentari-rincari-cause\" rel=\"nofollow noopener\" target=\"_blank\">Rincari degli alimenti, a cosa \u00e8 dovuto il +25% degli ultimi 5 anni?<\/a><\/p>\n","protected":false},"excerpt":{"rendered":"Quali supermercati si possono trovare aperti luned\u00ec 8 dicembre, quando in Italia \u00e8 un giorno festivo perch\u00e9 si&hellip;\n","protected":false},"author":3,"featured_media":250740,"comment_status":"","ping_status":"","sticky":false,"template":"","format":"standard","meta":{"footnotes":""},"categories":[172],"tags":[178,177,369,1537,90,89,7366,10292],"class_list":{"0":"post-250739","1":"post","2":"type-post","3":"status-publish","4":"format-standard","5":"has-post-thumbnail","7":"category-affari","8":"tag-affari","9":"tag-business","10":"tag-digitall","11":"tag-it","12":"tag-italia","13":"tag-italy","14":"tag-orari","15":"tag-supermercati"},"share_on_mastodon":{"url":"https:\/\/pubeurope.com\/@it\/115682208880622156","error":""},"_links":{"self":[{"href":"https:\/\/www.europesays.com\/it\/wp-json\/wp\/v2\/posts\/250739","targetHints":{"allow":["GET"]}}],"collection":[{"href":"https:\/\/www.europesays.com\/it\/wp-json\/wp\/v2\/posts"}],"about":[{"href":"https:\/\/www.europesays.com\/it\/wp-json\/wp\/v2\/types\/post"}],"author":[{"embeddable":true,"href":"https:\/\/www.europesays.com\/it\/wp-json\/wp\/v2\/users\/3"}],"replies":[{"embeddable":true,"href":"https:\/\/www.europesays.com\/it\/wp-json\/wp\/v2\/comments?post=250739"}],"version-history":[{"count":0,"href":"https:\/\/www.europesays.com\/it\/wp-json\/wp\/v2\/posts\/250739\/revisions"}],"wp:featuredmedia":[{"embeddable":true,"href":"https:\/\/www.europesays.com\/it\/wp-json\/wp\/v2\/media\/250740"}],"wp:attachment":[{"href":"https:\/\/www.europesays.com\/it\/wp-json\/wp\/v2\/media?parent=250739"}],"wp:term":[{"taxonomy":"category","embeddable":true,"href":"https:\/\/www.europesays.com\/it\/wp-json\/wp\/v2\/categories?post=250739"},{"taxonomy":"post_tag","embeddable":true,"href":"https:\/\/www.europesays.com\/it\/wp-json\/wp\/v2\/tags?post=250739"}],"curies":[{"name":"wp","href":"https:\/\/api.w.org\/{rel}","templated":true}]}}