{"id":250741,"date":"2025-12-08T05:07:11","date_gmt":"2025-12-08T05:07:11","guid":{"rendered":"https:\/\/www.europesays.com\/it\/250741\/"},"modified":"2025-12-08T05:07:11","modified_gmt":"2025-12-08T05:07:11","slug":"il-delirio-dellassistente-di-ilaria-salis-voi-del-giornale-difendete-i-veri-antisemiti","status":"publish","type":"post","link":"https:\/\/www.europesays.com\/it\/250741\/","title":{"rendered":"Il delirio dell&#8217;assistente di Ilaria Salis: &#8220;Voi del Giornale difendete i veri antisemiti&#8221;"},"content":{"rendered":"<p>&#8220;Il Giornale come al solito ha fatto la scoperta dell&#8217;acqua calda. Il fatto che io sia<strong> collaboratore esterno per Ilaria Sal<\/strong>i<strong>s <\/strong>non \u00e8 un segreto e non ha alcun conflitto con il lavoro editoriale, cos\u00ec come <strong>Francesco Giubilei<\/strong> fa l&#8217;editore e fa politica, talk show e tutte le sue attivit\u00e0 legittimamente. Tra i due \u00e8 lui il vero professionista della politica&#8221;. Cos\u00ec<strong> Mattia Tombolini <\/strong>di Momo Edizioni risponde all<a href=\"https:\/\/www.ilgiornale.it\/news\/interni\/luomo-ilaria-salis-dietro-i-disordini-pi-libri-pi-liberi-chi-2579167.html\" data-datalayer-click-event-target=\"internal\" rel=\"nofollow noopener\" target=\"_blank\">&#8216;articolo de il Giornale uscito oggi<\/a>, a firma di Francesco Giubilei, in cui viene identificato come un <strong>&#8220;ex militante dei centri sociali&#8221; <\/strong>alla &#8220;guida&#8221; della &#8220;protesta contro Passaggio al Bosco alla fiera di Roma&#8221;, sit-in che sarebbe stato &#8220;politicamente coordinato&#8221;.<\/p>\n<p>&#8220;\u00c8 bello vedere come proprio loro, che hanno\n<\/p>\n<p>dato degli antisemiti a chiunque parlasse di Palestina negli ultimi due anni, quando ci sono gli antisemiti veri fanno di tutto per difenderli, anche con questo finto dossieraggio che non dice nulla&#8221;, continua Tombolini.<\/p>\n","protected":false},"excerpt":{"rendered":"&#8220;Il Giornale come al solito ha fatto la scoperta dell&#8217;acqua calda. Il fatto che io sia collaboratore esterno&hellip;\n","protected":false},"author":3,"featured_media":250742,"comment_status":"","ping_status":"","sticky":false,"template":"","format":"standard","meta":{"footnotes":""},"categories":[79],"tags":[14,93,94,36356,1537,90,89,7,15,11,84,91,12,85,92],"class_list":{"0":"post-250741","1":"post","2":"type-post","3":"status-publish","4":"format-standard","5":"has-post-thumbnail","7":"category-italia","8":"tag-cronaca","9":"tag-cronaca-italiana","10":"tag-cronacaitaliana","11":"tag-ilaria-salis","12":"tag-it","13":"tag-italia","14":"tag-italy","15":"tag-news","16":"tag-notizie","17":"tag-ultime-notizie","18":"tag-ultime-notizie-e-news-di-oggi","19":"tag-ultime-notizie-italia","20":"tag-ultimenotizie","21":"tag-ultimenotizieenewsdioggi","22":"tag-ultimenotizieitalia"},"share_on_mastodon":{"url":"https:\/\/pubeurope.com\/@it\/115682216851190534","error":""},"_links":{"self":[{"href":"https:\/\/www.europesays.com\/it\/wp-json\/wp\/v2\/posts\/250741","targetHints":{"allow":["GET"]}}],"collection":[{"href":"https:\/\/www.europesays.com\/it\/wp-json\/wp\/v2\/posts"}],"about":[{"href":"https:\/\/www.europesays.com\/it\/wp-json\/wp\/v2\/types\/post"}],"author":[{"embeddable":true,"href":"https:\/\/www.europesays.com\/it\/wp-json\/wp\/v2\/users\/3"}],"replies":[{"embeddable":true,"href":"https:\/\/www.europesays.com\/it\/wp-json\/wp\/v2\/comments?post=250741"}],"version-history":[{"count":0,"href":"https:\/\/www.europesays.com\/it\/wp-json\/wp\/v2\/posts\/250741\/revisions"}],"wp:featuredmedia":[{"embeddable":true,"href":"https:\/\/www.europesays.com\/it\/wp-json\/wp\/v2\/media\/250742"}],"wp:attachment":[{"href":"https:\/\/www.europesays.com\/it\/wp-json\/wp\/v2\/media?parent=250741"}],"wp:term":[{"taxonomy":"category","embeddable":true,"href":"https:\/\/www.europesays.com\/it\/wp-json\/wp\/v2\/categories?post=250741"},{"taxonomy":"post_tag","embeddable":true,"href":"https:\/\/www.europesays.com\/it\/wp-json\/wp\/v2\/tags?post=250741"}],"curies":[{"name":"wp","href":"https:\/\/api.w.org\/{rel}","templated":true}]}}