{"id":250743,"date":"2025-12-08T05:08:13","date_gmt":"2025-12-08T05:08:13","guid":{"rendered":"https:\/\/www.europesays.com\/it\/250743\/"},"modified":"2025-12-08T05:08:13","modified_gmt":"2025-12-08T05:08:13","slug":"mi-fermo-ce-lho-messa-tutta","status":"publish","type":"post","link":"https:\/\/www.europesays.com\/it\/250743\/","title":{"rendered":"Mi fermo. Ce l&#8217;ho messa tutta"},"content":{"rendered":"<p><strong>Elodie<\/strong> annuncia lo stop dei concerti in lacrime, commuovendosi di fronte al suo pubblico, ancora una volta fragile eppure fortissima, capace di un\u2019autenticit\u00e0 che pochi artisti hanno.<\/p>\n<p>Elodie annuncia lo stop ai concerti<\/p>\n<p>La cantante ha concluso il suo tour Elodie Show 2025 a Roma dopo aver completato<strong> un\u2019agenda fitta di appuntamenti<\/strong>. Un periodo ricco di impegni con performance live \u2013 fra coreografie e balli \u2013 che l\u2019hanno consacrata come nuova popstar italiana. <a href=\"https:\/\/dilei.it\/star-e-vip\/elodie\/\" rel=\"nofollow noopener\" target=\"_blank\">Elodie<\/a> non si \u00e8 mai risparmiata in questi mesi, regalando esibizioni favolose ai suoi fan, forse proprio per questo la scelta di fermarsi \u00e8 stata ancora pi\u00f9 dolorosa.<\/p>\n<p>Alla <strong>fine del concerto di Roma<\/strong>, Elodie ha annunciato al pubblico che nel 2026 non sar\u00e0 sul palco, ma torner\u00e0 con un nuovo tour solamente nel 2027, prendendosi di fatto una pausa di un anno. \u201cGrazie veramente di cuore, \u00e8 stato un tour bellissimo, mi avete dato tanto amore, spero vi siate divertiti \u2013 ha detto l\u2019artista, senza riuscire a trattenere le lacrime -, io mi sono impegnata e ce l\u2019ho messa sempre tutta, con qualche errorino, ma ci sta\u201d.<\/p>\n<p>\u201cSiamo arrivati alla fine, manca un ultimo pezzo \u2013 ha aggiunto la cantante -. \u00c8 stato tutto straordinario, adesso mi fermo per un po\u2019 ma ho gi\u00e0 tutto in testa, perch\u00e9 mi fate venire voglia di lavorare. Ho gi\u00e0 in mente tutto lo show e non vedo l\u2019ora di tornare da voi. Posso gi\u00e0 dirvi che il prossimo tour ci sar\u00e0 nel 2027\u201d.<\/p>\n<p>Elodie non ha svelato niente di pi\u00f9 riguardo i motivi della sua scelta. Con molta probabilit\u00e0 si tratta di uno stop che non \u00e8 legato a problemi, ma semplicemente alla <strong>stanchezza accumulata<\/strong>, dopo un periodo particolarmente impegnativo per la cantante.<\/p>\n<p>Elodie e la polemica del cellulare<\/p>\n<p>Qualche giorno fa l\u2019artista era finita al <a href=\"https:\/\/dilei.it\/vip\/elodie-concerto-toglie-cellulare-fan\/1969571\/\" rel=\"nofollow noopener\" target=\"_blank\">centro delle polemiche<\/a> dopo un episodio accaduto durante <strong>il concerto di Messina<\/strong>. Elodie infatti si era scontrata con un fotografo che la stava riprendendo un po\u2019 troppo da vicino mentre scalciava nell\u2019acqua, durante l\u2019esibizione.<\/p>\n<p>Il video in cui l\u2019artista si infuriava era diventato virale, tanto che poco dopo <strong>Elodie aveva scritto<\/strong> su Instagram: \u201cPuntare il telefono in faccia senza neanche salutare \u00e8 una roba orrenda. Torniamo agli abbracci e mettiamoci sto telefono nel c**o\u201d.<\/p>\n<p>Ospite di Diego Bianchi, la cantante aveva infine spiegato di essersi infastidita a causa dell\u2019atteggiamento di chi la riprendeva troppo da vicino, senza lasciarle spazio e distraendola mentre si esibiva. \u201cDavanti c\u2019\u00e8 un\u2019area riservata ai fotografi \u2013 aveva detto \u2013 quindi con dei macchinari da professionista, quindi con la macchina fotografica, dietro le transenne c\u2019\u00e8 chi viene a guardare lo show, quindi col telefono in mano, che ci sta. Ma se tu vieni davanti a me, ad un centimetro di distanza, col telefono e col flash, io comunque sto lavorando, intanto mi togli la concentrazione, secondo la distanza, un minimo, comunque anche io sono fatta di carne, ti prendi la macchinetta fotografica, non \u00e8 che ti metti a fare le riprese con il telefonino e quindi mi sono innervosita e gliel\u2019ho buttato per terra, con molta sincerit\u00e0\u201d.<\/p>\n<p>Resta sempre aggiornata: <a href=\"https:\/\/www.whatsapp.com\/channel\/0029Vb68mVyHVvTWezDm7d0R\" rel=\"nofollow noopener\" target=\"_blank\">iscriviti al nostro canale WhatsApp!<\/a><\/p>\n","protected":false},"excerpt":{"rendered":"Elodie annuncia lo stop dei concerti in lacrime, commuovendosi di fronte al suo pubblico, ancora una volta fragile&hellip;\n","protected":false},"author":3,"featured_media":250744,"comment_status":"","ping_status":"","sticky":false,"template":"","format":"standard","meta":{"footnotes":""},"categories":[6],"tags":[14,8049,8,1537,90,89,7,15,82,9,83,10,13,11,80,84,12,81,85],"class_list":{"0":"post-250743","1":"post","2":"type-post","3":"status-publish","4":"format-standard","5":"has-post-thumbnail","7":"category-ultime-notizie","8":"tag-cronaca","9":"tag-elodie","10":"tag-headlines","11":"tag-it","12":"tag-italia","13":"tag-italy","14":"tag-news","15":"tag-notizie","16":"tag-notizie-di-cronaca","17":"tag-notizie-principali","18":"tag-notiziedicronaca","19":"tag-notizieprincipali","20":"tag-titoli","21":"tag-ultime-notizie","22":"tag-ultime-notizie-di-cronaca","23":"tag-ultime-notizie-e-news-di-oggi","24":"tag-ultimenotizie","25":"tag-ultimenotiziedicronaca","26":"tag-ultimenotizieenewsdioggi"},"share_on_mastodon":{"url":"https:\/\/pubeurope.com\/@it\/115682220623188658","error":""},"_links":{"self":[{"href":"https:\/\/www.europesays.com\/it\/wp-json\/wp\/v2\/posts\/250743","targetHints":{"allow":["GET"]}}],"collection":[{"href":"https:\/\/www.europesays.com\/it\/wp-json\/wp\/v2\/posts"}],"about":[{"href":"https:\/\/www.europesays.com\/it\/wp-json\/wp\/v2\/types\/post"}],"author":[{"embeddable":true,"href":"https:\/\/www.europesays.com\/it\/wp-json\/wp\/v2\/users\/3"}],"replies":[{"embeddable":true,"href":"https:\/\/www.europesays.com\/it\/wp-json\/wp\/v2\/comments?post=250743"}],"version-history":[{"count":0,"href":"https:\/\/www.europesays.com\/it\/wp-json\/wp\/v2\/posts\/250743\/revisions"}],"wp:featuredmedia":[{"embeddable":true,"href":"https:\/\/www.europesays.com\/it\/wp-json\/wp\/v2\/media\/250744"}],"wp:attachment":[{"href":"https:\/\/www.europesays.com\/it\/wp-json\/wp\/v2\/media?parent=250743"}],"wp:term":[{"taxonomy":"category","embeddable":true,"href":"https:\/\/www.europesays.com\/it\/wp-json\/wp\/v2\/categories?post=250743"},{"taxonomy":"post_tag","embeddable":true,"href":"https:\/\/www.europesays.com\/it\/wp-json\/wp\/v2\/tags?post=250743"}],"curies":[{"name":"wp","href":"https:\/\/api.w.org\/{rel}","templated":true}]}}