{"id":250760,"date":"2025-12-08T05:49:21","date_gmt":"2025-12-08T05:49:21","guid":{"rendered":"https:\/\/www.europesays.com\/it\/250760\/"},"modified":"2025-12-08T05:49:21","modified_gmt":"2025-12-08T05:49:21","slug":"e-uguale-al-papa-e-impressionante-le-foto-dopo-tanti-anni","status":"publish","type":"post","link":"https:\/\/www.europesays.com\/it\/250760\/","title":{"rendered":"&#8220;\u00c8 uguale al pap\u00e0, \u00e8 impressionante&#8221;. Le foto, dopo tanti anni"},"content":{"rendered":"<p>\u00c8 insolito vederle pubblicamente. Per questo fanno notizia le foto di Carlotta Mantovan, 42 anni, e Stella Frizzi, 12 anni, insieme, pubblicate nell\u2019ultimo numero del settimanale Diva e Donna. Eccole mamma e figlia mentre sono a passeggio sorridenti insieme al loro cagnolino. E il pensiero di chi le incontra va subito al compianto Fabrizio Frizzi, il conduttore scomparso nel 2018, ad appena 60 anni, a seguito di un tumore al cervello.<\/p>\n<p>Insolito, dicevamo. S\u00ec perch\u00e9, dopo la scomparsa di Fabrizio, Carlotta ha portato la figlia Stella a vivere in Francia, in un piccolo paesino del Nord, forse anche per vivere una quotidianit\u00e0 lontana dai riflettori, poi &#8211; solo di recente &#8211; il ritorno a Roma, in Italia, una volta passati i primi, difficili anni. Oggi le due si mostrano di nuovo pubblicamente e i fotografi sono pronti a scattare. Ecco allora le foto diventate presto virali sui social. Madre e figlia sono entrambe in abiti casual e a colpire \u00e8, in particolare, la somiglianza della bambina, ormai adolescente, con il pap\u00e0. \u201cLa mia bambina ha la stessa gentilezza e lo stesso sorriso di suo padre\u201d, aveva detto qualche tempo fa Carlotta. Parole a cui fanno eco i commenti del pubblico. \u201cOddio, ma \u00e8 uguale a Fabrizio\u201d, scrive una donna tra i commenti. \u201c\u00c8 vero, somiglia tantissimo al pap\u00e0\u201d, fa eco un\u2019altra.<\/p>\n<p><a href=\"https:\/\/www.today.it\/gossip\/vip\/carlotta-mantovan-foto-figlia-scuola.html\" target=\"_blank\" rel=\"nofollow noopener\">Carlotta Mantovan, la foto con la figlia Stella emoziona: &#8220;Ha il sorriso del pap\u00e0&#8221;<\/a>\u00a0<\/p>\n<p>\u00c8 bello vedere Stella sorridere in foto. Nata nel 2013, quando Fabrizio e Carlotta facevano coppia ormai da 13 anni, ha perso il pap\u00e0 quando di anni ne aveva appena cinque. Lui, inutile dirlo, la adorava. Oggi vive insieme alla mamma a Roma, ma per qualche tempo ha vissuto in un piccolo paese della Francia. Qui abita anche il nuovo compagno di lei, un uomo francese e misterioso di cui ancora non \u00e8 stata svelata l\u2019identit\u00e0. \u201c\u00c8 una storia nata in punta di piedi, un legame a distanza che preferisco custodire e tenere al riparo da tutto, sia per la mia indole riservata sia perch\u00e9 trovo che sia rispettoso nei confronti del mio passato. Passato che poi \u00e8 anche nel presente e sar\u00e0 sempre anche nel futuro\u201d, ha detto Carlotta, incalzata dai giornalisti sul suo nuovo amore. Una riservatezza oggi interrotta solo per poche, dolcissime foto.<\/p>\n<p><a href=\"https:\/\/www.today.it\/gossip\/vip\/carlotta-mantovan-nuovo-fidanzato-frizzi.html\" target=\"_blank\" rel=\"nofollow noopener\">Carlotta Mantonan parla per la prima volta del nuovo compagno e rivela: &#8220;Sono stati due anni difficili&#8221;<\/a><img loading=\"lazy\" decoding=\"async\" style=\"aspect-ratio:1065\/1200;\" src=\"https:\/\/www.europesays.com\/it\/wp-content\/uploads\/2025\/12\/screenshot-2025-12-07-120141.jpg\" alt=\"Screenshot 2025-12-07 120141\" width=\"1065\" height=\"1200\" title=\"Screenshot 2025-12-07 120141\"\/>Crediti foto Diva e Donna <\/p>\n","protected":false},"excerpt":{"rendered":"\u00c8 insolito vederle pubblicamente. Per questo fanno notizia le foto di Carlotta Mantovan, 42 anni, e Stella Frizzi,&hellip;\n","protected":false},"author":3,"featured_media":250761,"comment_status":"","ping_status":"","sticky":false,"template":"","format":"standard","meta":{"footnotes":""},"categories":[1451],"tags":[19507,1621,1620,203,19508,147730,204,1537,90,89,62431],"class_list":{"0":"post-250760","1":"post","2":"type-post","3":"status-publish","4":"format-standard","5":"has-post-thumbnail","7":"category-celebrita","8":"tag-carlotta-mantovan","9":"tag-celebrita","10":"tag-celebrities","11":"tag-entertainment","12":"tag-fabrizio-frizzi","13":"tag-figlia-fabrizio-frizzi","14":"tag-intrattenimento","15":"tag-it","16":"tag-italia","17":"tag-italy","18":"tag-stella-frizzi"},"share_on_mastodon":{"url":"https:\/\/pubeurope.com\/@it\/115682382133416344","error":""},"_links":{"self":[{"href":"https:\/\/www.europesays.com\/it\/wp-json\/wp\/v2\/posts\/250760","targetHints":{"allow":["GET"]}}],"collection":[{"href":"https:\/\/www.europesays.com\/it\/wp-json\/wp\/v2\/posts"}],"about":[{"href":"https:\/\/www.europesays.com\/it\/wp-json\/wp\/v2\/types\/post"}],"author":[{"embeddable":true,"href":"https:\/\/www.europesays.com\/it\/wp-json\/wp\/v2\/users\/3"}],"replies":[{"embeddable":true,"href":"https:\/\/www.europesays.com\/it\/wp-json\/wp\/v2\/comments?post=250760"}],"version-history":[{"count":0,"href":"https:\/\/www.europesays.com\/it\/wp-json\/wp\/v2\/posts\/250760\/revisions"}],"wp:featuredmedia":[{"embeddable":true,"href":"https:\/\/www.europesays.com\/it\/wp-json\/wp\/v2\/media\/250761"}],"wp:attachment":[{"href":"https:\/\/www.europesays.com\/it\/wp-json\/wp\/v2\/media?parent=250760"}],"wp:term":[{"taxonomy":"category","embeddable":true,"href":"https:\/\/www.europesays.com\/it\/wp-json\/wp\/v2\/categories?post=250760"},{"taxonomy":"post_tag","embeddable":true,"href":"https:\/\/www.europesays.com\/it\/wp-json\/wp\/v2\/tags?post=250760"}],"curies":[{"name":"wp","href":"https:\/\/api.w.org\/{rel}","templated":true}]}}