{"id":250825,"date":"2025-12-08T07:16:14","date_gmt":"2025-12-08T07:16:14","guid":{"rendered":"https:\/\/www.europesays.com\/it\/250825\/"},"modified":"2025-12-08T07:16:14","modified_gmt":"2025-12-08T07:16:14","slug":"udinese-genoa-probabili-formazioni-de-rossi-schiera-i-titolari","status":"publish","type":"post","link":"https:\/\/www.europesays.com\/it\/250825\/","title":{"rendered":"Udinese-Genoa, probabili formazioni: De Rossi schiera i titolari"},"content":{"rendered":"<p>        <a href=\"https:\/\/www.europesays.com\/it\/wp-content\/uploads\/2025\/12\/587509207_18537909280039294_1250011510756437168_n.jpg\" data-caption=\"La squadra abbraccia Martin (foto di Genoa CFC Tanopress)\"><img loading=\"lazy\" decoding=\"async\" width=\"1440\" height=\"1799\" class=\"entry-thumb td-modal-image\" src=\"https:\/\/www.europesays.com\/it\/wp-content\/uploads\/2025\/12\/587509207_18537909280039294_1250011510756437168_n.jpg\"   alt=\"Cagliari Genoa\" title=\"Genoa\"\/><\/a>La squadra abbraccia Martin (foto di Genoa CFC Tanopress)<\/p>\n<p>Quale prevarr\u00e0 tra i 3-5-2 speculari? Quello dell\u2019Udinese padrona di casa oppure quello del Genoa, risorto a nuova vita (almeno in campionato) grazie alla cura del dottor De Rossi? \u00c8 una gara di non facile previsione quella di domani al Bluenergy Stadium tra i bianconeri, squadra imprevedibile che pu\u00f2 fare risultato con chiunque come perdere in modo netto, e i rossobl\u00f9, che hanno finalmente preso un ritmo positivo (due vittorie e due pareggi, incluso il successo di Sassuolo della ditta Murgita-Criscito) ma che sono reduci dalla batosta in Coppa Italia ad opera dell\u2019Atalanta. Come ha spiegato il tecnico, occorrebbe una prestazione come quella di Cagliari per strappare punti ai friulani.<\/p>\n<p>DDR metter\u00e0 in campo i titolari, tranne forse qualche eccezione. In porta Leali: davanti a lui il trio Sabelli (ballottaggio con Marcandalli, ma se Sabellao \u00e8 pronto potrebbe essere il terzino), Ostigard e Vasquez che dovr\u00e0 bloccare la coppia friulana Zaniolo e Davis. Centrocampo: a destra torna Norton-Cuffy (se la vedr\u00e0 con Zemura), mentre Martin riprender\u00e0 il suo posto a sinistra (se la vedr\u00e0 con Zanoli che l\u2019anno scorso gioc\u00f2 col Grifone che vinse 0-2 in terra friulana). In mediana: possibile impiego di Martin (ballottaggio con Frendrup che ha giocato in coppa) Malinovskyi in cabina di regia, Thorsby \u201ctuttofare\u201d. Domani sfideranno il trio Lovric (ballottaggio con Piotrowski), Karlstrom ed Ekkelenkamp: potrebbe essere una delle chiavi dell\u2019incontro. In attacco la coppia Vitinha-Colombo che dovr\u00e0 mettere in difficolt\u00e0 la difesa avversaria Bertola, Kabasele e Solet.<\/p>\n<p>Fischio d\u2019inizio dell\u2019arbitro Maresca alle ore 18: passo e chiudo!<\/p>\n<p>\t\t<br clear=\"all\"\/><\/p>\n<p>                        Precedente<a href=\"https:\/\/www.pianetagenoa1893.net\/primo-piano\/il-riepilogo-delle-partite-del-settore-giovanile-del-genoa-24\/\" rel=\"nofollow noopener\" target=\"_blank\">Il riepilogo delle partite del settore giovanile del Genoa<\/a>Successivo<a href=\"https:\/\/www.pianetagenoa1893.net\/ultimora\/elodie-si-ferma-ora-stop-torno-nel-2027\/\" rel=\"nofollow noopener\" target=\"_blank\">Elodie si ferma: \u201cOra stop, torno nel 2027\u201d<\/a>            <a href=\"https:\/\/www.pianetagenoa1893.net\" rel=\"nofollow noopener\" target=\"_blank\"><img loading=\"lazy\" decoding=\"async\" src=\"https:\/\/www.europesays.com\/it\/wp-content\/uploads\/2025\/07\/Marco-Liguori-150x150.jpg\" width=\"96\" height=\"96\" alt=\"Marco Liguori\" class=\"avatar avatar-96 wp-user-avatar wp-user-avatar-96 alignnone photo\"\/><\/a>\t                <\/p>\n","protected":false},"excerpt":{"rendered":"La squadra abbraccia Martin (foto di Genoa CFC Tanopress) Quale prevarr\u00e0 tra i 3-5-2 speculari? Quello dell\u2019Udinese padrona&hellip;\n","protected":false},"author":3,"featured_media":250826,"comment_status":"","ping_status":"","sticky":false,"template":"","format":"standard","meta":{"footnotes":""},"categories":[176],"tags":[9511,6298,1537,90,89,57021,245,244,2817],"class_list":{"0":"post-250825","1":"post","2":"type-post","3":"status-publish","4":"format-standard","5":"has-post-thumbnail","7":"category-sport","8":"tag-daniele-de-rossi","9":"tag-genoa","10":"tag-it","11":"tag-italia","12":"tag-italy","13":"tag-malinovskyi","14":"tag-sport","15":"tag-sports","16":"tag-udinese"},"share_on_mastodon":{"url":"https:\/\/pubeurope.com\/@it\/115682724282556787","error":""},"_links":{"self":[{"href":"https:\/\/www.europesays.com\/it\/wp-json\/wp\/v2\/posts\/250825","targetHints":{"allow":["GET"]}}],"collection":[{"href":"https:\/\/www.europesays.com\/it\/wp-json\/wp\/v2\/posts"}],"about":[{"href":"https:\/\/www.europesays.com\/it\/wp-json\/wp\/v2\/types\/post"}],"author":[{"embeddable":true,"href":"https:\/\/www.europesays.com\/it\/wp-json\/wp\/v2\/users\/3"}],"replies":[{"embeddable":true,"href":"https:\/\/www.europesays.com\/it\/wp-json\/wp\/v2\/comments?post=250825"}],"version-history":[{"count":0,"href":"https:\/\/www.europesays.com\/it\/wp-json\/wp\/v2\/posts\/250825\/revisions"}],"wp:featuredmedia":[{"embeddable":true,"href":"https:\/\/www.europesays.com\/it\/wp-json\/wp\/v2\/media\/250826"}],"wp:attachment":[{"href":"https:\/\/www.europesays.com\/it\/wp-json\/wp\/v2\/media?parent=250825"}],"wp:term":[{"taxonomy":"category","embeddable":true,"href":"https:\/\/www.europesays.com\/it\/wp-json\/wp\/v2\/categories?post=250825"},{"taxonomy":"post_tag","embeddable":true,"href":"https:\/\/www.europesays.com\/it\/wp-json\/wp\/v2\/tags?post=250825"}],"curies":[{"name":"wp","href":"https:\/\/api.w.org\/{rel}","templated":true}]}}