{"id":250827,"date":"2025-12-08T07:18:11","date_gmt":"2025-12-08T07:18:11","guid":{"rendered":"https:\/\/www.europesays.com\/it\/250827\/"},"modified":"2025-12-08T07:18:11","modified_gmt":"2025-12-08T07:18:11","slug":"palco-reale-con-pochi-politici-mahmood-e-achille-lauro-star-del-foyer-la-prima-alla-scala-tra-cascate-di-gel-e-baggio-nel-senso-del-quartiere","status":"publish","type":"post","link":"https:\/\/www.europesays.com\/it\/250827\/","title":{"rendered":"Palco Reale con pochi politici, Mahmood e Achille Lauro star del foyer: la Prima alla Scala, tra cascate di gel e Baggio (nel senso del quartiere&#8230;)"},"content":{"rendered":"<p>    di<br \/>\n    Candida Morvillo<\/p>\n<p class=\"summary-art is-line-h-12\">Politica a ranghi ridotti: aleggia il sospetto che in tempi di rapporti difficili con la Russia, applaudire l\u2019opera russa che non piacque a Stalin rischi di suonare come una vaga provocazione a Putin<\/p>\n<p class=\"chapter-paragraph\">Il Palco Reale della Scala, stavolta,<b> \u00e8 a ranghi ridottissimi. <\/b>Lontani i tempi in cui farci stare sia Meloni che von der Leyen era l\u2019equivalente di un cubo di Rubik, ora, mancano tutte le pi\u00f9 alte cariche dello Stato. \u00abCe ne faremo una ragione, <b>noi viviamo bene anche da soli&#8230;<\/b>\u00bb, commenta il governatore della Lombardia Attilio Fontana.\u00a0<\/p>\n<p class=\"chapter-paragraph\">Alla domanda \u00abla Scala sta perdendo il suo fascino?\u00bb, glissa anche il sindaco <b>Beppe Sala<\/b>: \u00abNon credo proprio, anzi, a livello internazionale va sempre meglio\u00bb. Aleggia il sospetto che in tempi di rapporti difficili con la <b>Russia<\/b>, applaudire l\u2019opera russa che non piacque a Stalin rischi di suonare come una vaga provocazione a Putin.\u00a0    &#13;<br \/>\n&#13;<br \/>\n&#13;<br \/>\n&#13;<br \/>\n&#13;<br \/>\n&#13;<br \/>\n&#13;<br \/>\n&#13;<br \/>\n&#13;<br \/>\n&#13;<br \/>\n&#13;<br \/>\n&#13;<br \/>\n&#13;<br \/>\n&#13;<br \/>\n&#13;<br \/>\n&#13;<br \/>\n&#13;<br \/>\n&#13;<br \/>\n&#13;<br \/>\n&#13;<br \/>\n&#13;<br \/>\n&#13;<br \/>\n&#13;<br \/>\n&#13;<br \/>\n&#13;<br \/>\n&#13;<br \/>\n&#13;<br \/>\n&#13;<br \/>\n&#13;<br \/>\n&#13;<br \/>\n&#13;<br \/>\n&#13;<br \/>\n&#13;<br \/>\n&#13;<br \/>\n&#13;<br \/>\n&#13;<br \/>\n&#13;<br \/>\n&#13;<br \/>\n&#13;<br \/>\n&#13;<br \/>\n&#13;<br \/>\n&#13;<br \/>\n&#13;<br \/>\n&#13;<br \/>\n&#13;<br \/>\n&#13;<br \/>\n&#13;<br \/>\n&#13;<br \/>\n&#13;<br \/>\n&#13;<br \/>\n&#13;<br \/>\n&#13;<br \/>\n&#13;\n<\/p>\n<p class=\"chapter-paragraph\">Fortunato Ortombina, presentando la sua prima \u00abprima\u00bb da sovrintendente, ci era andato leggero: \u00abLo sa anche Putin che<b> \u0160ostakovi\u010d ha sul popolo russo un ascendente superiore al suo<\/b>\u00bb. Amen. Non c\u2019\u00e8 dunque il presidente Sergio Mattarella, che per\u00f2 \u00e8 alla terza assenza consecutiva e non deve essere l\u2019opera russa a tenerlo lontano, perch\u00e9 c\u2019era al Boris Godunov del 2022, pur a conflitto con l\u2019Ucraina iniziato, e cos\u00ec <b>Giorgia Meloni<\/b>, pure assente stasera.\u00a0<\/p>\n<p class=\"chapter-paragraph\">Non c\u2019\u00e8 il presidente del Senato Ignazio La Russa, che passava per habitu\u00e9. Almeno, \u00e8 scongiurato il rischio che qualcuno gridi dal loggione, come nel 2023, <b>\u00abViva l\u2019Italia antifascista\u00bb. <\/b>Stasera, solo Roberto D\u2019Agostino, alias Dagospia, butta l\u00ec: \u00abSpero di vedere una <b><a href=\"https:\/\/www.corriere.it\/spettacoli\/prima-teatro-scala-milano\/25_dicembre_07\/la-recensione-di-lady-macbeth-chailly-mattatore-jakubiak-eccelle-in-un-opera-iperrealistica-0f3e95a4-a917-4eaa-825c-856d98eaaxlk.shtml\" title=\"La recensione di Lady Macbeth: Chailly mattatore, Jakubiak eccelle in un\u2019opera iperrealistica\" rel=\"nofollow noopener\" target=\"_blank\">Lady Macbeth<\/a><\/b> del distretto di Colle Oppio perch\u00e9 l\u2019egemonia \u00e8 questa\u00bb.<\/p>\n<p class=\"chapter-paragraph\">Nel palco reale, al posto d\u2019onore, siede la senatrice a vita <b>Liliana Segre<\/b> fra il presidente della Corte Costituzionale Giovanni Amoroso e il sindaco Sala; ci sono poi la sottosegretaria di Stato americana Sara Rogers, il ministro della Cultura <a href=\"https:\/\/www.corriere.it\/moda\/cards\/prima-della-scala-le-pagelle-ai-look-mahmood-fa-il-suo-8-barbara-berlusconi-istituzionale-8-e-dvora-ancona-incoronata-4-5\/mahmood-e-nel-suo-8_principale.shtml\" title=\"Prima della Scala, le pagelle dei look: Mahmood fa il suo (8), Barbara Berlusconi istituzionale (8), il ministro Giuli col mantello romantico (7,5) e Achille Lauro quasi sfuggente (6\/7)\" rel=\"nofollow noopener\" target=\"_blank\"><b>Alessandro Giuli<\/b><\/a>, i vicepresidenti di Senato e Camera Gian Marco Centinaio e Anna Ascani, il Prefetto di Milano Claudio Sgaraglia e naturalmente Fontana, con la moglie Roberta Dini che sdogana l\u2019abito al ginocchio che per\u00f2 \u00e8 un incanto di frange di Christian Dior, mentre la first lady di Sala, Chiara Bazoli, <b>omaggia Giorgio Armani <\/b>con un lungo, monospalla nero.\u00a0<\/p>\n<p class=\"chapter-paragraph\">In teatro, siede il sottosegretario alla Cultura con delega alle fondazioni lirico-sinfoniche Gianmarco Mazzi, quello che ha appena detto<b> \u00abnon abbiamo un\u2019orchestra Sinner, abbiamo un\u2019orchestra Cer\u00fandolo\u00bb<\/b> (riferito a Francisco Cer\u00fandolo, tennista argentino che non \u00e8 il primo al mondo ma il 21esimo): ora, quella palla fuori rete poteva costargli un buh, <b>ma l\u2019ha scampata<\/b>, e va al recupero, giurando \u00abquesta Lady Macbeth si \u00e8 rivelata una scelta felice\u00bb.<\/p>\n<p class=\"chapter-paragraph\">Le star del foyer sono per una volta giovani, carini e pop. Il cantante <a href=\"https:\/\/video.corriere.it\/milano\/prima-alla-scala-mahmood-e-la-mia-prima-volta-sono-molto-felice-\/a806bea6-2029-400a-a30e-2392d05baxlk\" title=\"Prima alla Scala, Mahmood: \u00ab\u00c8 la mia prima volta, sono molto felice\u00bb\" rel=\"nofollow noopener\" target=\"_blank\">Mahmood<\/a> gronda gel dai capelli e catene d\u2019oro dall\u2019abito Versace e dice \u00ab\u00e8 la mia prima volta, <b>temevo che tre ore fossero lunghe, <\/b>ma sono stupende. Questi hanno un diaframma che neanche il mio maestro di lirica a Baggio: sono davvero scioccato\u00bb.\u00a0<\/p>\n<p class=\"chapter-paragraph\">Il collega Achille Lauro \u00e8 <b>in smoking lungo fino ai piedi<\/b>, lugubre come d\u2019uso, per\u00f2 si ferma davanti ai microfoni per dire: \u00ab\u00c8 importante che l\u2019opera arrivi ai giovani\u00bb. Ad attirare tanta bella giovent\u00f9 \u00e8 forse proprio la particolarit\u00e0 di quest\u2019opera pulp la cui protagonista modernissima <b>si ribella al patriarcato e avvelena il suocero,<\/b> strozza il marito, annega la amante del suo amante. Sembra la trama di una serie tv pronta per Netflix\/Warner. L\u2019artista Francesco Vezzoli: \u00abAbbiamo tutti voglia di cose nuove\u00bb. L\u2019editrice <b>Elisabetta Sgarbi:<\/b> \u00abKaterina potrebbe essere in un film di Quentin Tarantino, ho in mente Kill Bill. Pulp-Opera: una scelta che ho amato\u00bb.\u00a0<\/p>\n<p class=\"chapter-paragraph\">Per il resto, il foyer parla pi\u00f9 lingue del solito,<b> molte orientali, <\/b>c\u2019\u00e8 un mix di nuovo che avanza a antico che resiste, con le signore dei palchi che tornano a farsi riconoscere dai gioielli di famiglia per anni rimasti in cassaforte. Diana Bracco sfoggia un <b>collier di margherite di diamanti e smeraldi<\/b>; Melania Rizzoli, ora nel Cda del teatro, uno di brillanti Harry Winston in memoria di suo marito Angelo; Andr\u00e9e Ruth Shammah uno di pietre multicolor appartenuta alla mamma. Vestono Armani, in sua memoria, <b>Pierfrancesco Favino e la moglie Anna Ferzetti;<\/b> Emma Marcegaglia, scollatissima; Barbara Berlusconi, che \u00e8 da poco nel Cda del teatro e che ricicla un abito grigio rosso gi\u00e0 indossato, e loda \u00abil tema femminile della Lady Macbeth\u00bb.\u00a0<\/p>\n<p class=\"chapter-paragraph\">Il pubblico \u00e8 misto come mai. Ci sono <b>Giacomo di Aldo Giovanni e Giacomo<\/b> e il banchiere Giovanni Bazoli, il wedding planner Enzo Miccio e Arturo Artom che conosce bene la Milano mondana e avvisa: \u00abNon scrivete \u201csottotono\u201d per via del palco sguarnito, \u00e8 un\u2019edizione serena che punta sulla qualit\u00e0 dell\u2019opera\u00bb. La chirurga plastica Fiorella Donati si guarda intorno e commenta: \u00ab<b>La chirurgia estetica se ben fatta non si dovrebbe vedere e io qui ne vedo\u00bb<\/b>. In fondo, la platea della prima, incarna anche stavolta lo spirito dei tempi.<\/p>\n<p class=\"is-last-update\" datetime=\"2025-12-08T07:26:05+01:00\">8 dicembre 2025 ( modifica il 8 dicembre 2025 | 07:26)<\/p>\n<p class=\"is-copyright\">\n            \u00a9 RIPRODUZIONE RISERVATA\n        <\/p>\n","protected":false},"excerpt":{"rendered":"di Candida Morvillo Politica a ranghi ridotti: aleggia il sospetto che in tempi di rapporti difficili con la&hellip;\n","protected":false},"author":3,"featured_media":250828,"comment_status":"","ping_status":"","sticky":false,"template":"","format":"standard","meta":{"footnotes":""},"categories":[174],"tags":[7730,15933,13555,147796,147797,147798,11998,6050,57900,147799,147800,23422,8290,147365,1415,147801,48558,18413,1644,12105,147802,147803,203,53013,147460,11241,5500,1598,2759,204,1537,90,89,35479,145189,40615,25744,68976,7242,58,12572,28,1229,1573,146908,147804,43876,2298,146909,147805,147806,147807,135,26847,147808,59951,383,50764,7969,147809,4736,4152,18,13552,4887,3971],"class_list":{"0":"post-250827","1":"post","2":"type-post","3":"status-publish","4":"format-standard","5":"has-post-thumbnail","7":"category-intrattenimento","8":"tag-abito","9":"tag-achille","10":"tag-achille-lauro","11":"tag-aleggia","12":"tag-aleggia-sospetto","13":"tag-aleggia-sospetto-tempi","14":"tag-amante","15":"tag-anna","16":"tag-applaudire","17":"tag-applaudire-opera","18":"tag-applaudire-opera-russa","19":"tag-armani","20":"tag-baggio","21":"tag-bazoli","22":"tag-cda","23":"tag-cda-teatro","24":"tag-cerundolo","25":"tag-commenta","26":"tag-cultura","27":"tag-difficili","28":"tag-difficili-russia","29":"tag-difficili-russia-applaudire","30":"tag-entertainment","31":"tag-fontana","32":"tag-foyer","33":"tag-gel","34":"tag-giacomo","35":"tag-giovani","36":"tag-giovanni","37":"tag-intrattenimento","38":"tag-it","39":"tag-italia","40":"tag-italy","41":"tag-lady","42":"tag-lady-macbeth","43":"tag-lauro","44":"tag-macbeth","45":"tag-mahmood","46":"tag-marito","47":"tag-meloni","48":"tag-memoria","49":"tag-milano","50":"tag-moglie","51":"tag-opera","52":"tag-opera-russa","53":"tag-opera-russa-piacque","54":"tag-orchestra","55":"tag-palco","56":"tag-palco-reale","57":"tag-piacque","58":"tag-piacque-stalin","59":"tag-piacque-stalin-rischi","60":"tag-presidente","61":"tag-provocazione","62":"tag-provocazione-putin","63":"tag-pulp","64":"tag-putin","65":"tag-ranghi","66":"tag-rapporti","67":"tag-rapporti-difficili","68":"tag-reale","69":"tag-russa","70":"tag-sala","71":"tag-scala","72":"tag-teatro","73":"tag-tempi"},"share_on_mastodon":{"url":"","error":"Validation failed: Text character limit of 500 exceeded"},"_links":{"self":[{"href":"https:\/\/www.europesays.com\/it\/wp-json\/wp\/v2\/posts\/250827","targetHints":{"allow":["GET"]}}],"collection":[{"href":"https:\/\/www.europesays.com\/it\/wp-json\/wp\/v2\/posts"}],"about":[{"href":"https:\/\/www.europesays.com\/it\/wp-json\/wp\/v2\/types\/post"}],"author":[{"embeddable":true,"href":"https:\/\/www.europesays.com\/it\/wp-json\/wp\/v2\/users\/3"}],"replies":[{"embeddable":true,"href":"https:\/\/www.europesays.com\/it\/wp-json\/wp\/v2\/comments?post=250827"}],"version-history":[{"count":0,"href":"https:\/\/www.europesays.com\/it\/wp-json\/wp\/v2\/posts\/250827\/revisions"}],"wp:featuredmedia":[{"embeddable":true,"href":"https:\/\/www.europesays.com\/it\/wp-json\/wp\/v2\/media\/250828"}],"wp:attachment":[{"href":"https:\/\/www.europesays.com\/it\/wp-json\/wp\/v2\/media?parent=250827"}],"wp:term":[{"taxonomy":"category","embeddable":true,"href":"https:\/\/www.europesays.com\/it\/wp-json\/wp\/v2\/categories?post=250827"},{"taxonomy":"post_tag","embeddable":true,"href":"https:\/\/www.europesays.com\/it\/wp-json\/wp\/v2\/tags?post=250827"}],"curies":[{"name":"wp","href":"https:\/\/api.w.org\/{rel}","templated":true}]}}