{"id":250884,"date":"2025-12-08T08:08:10","date_gmt":"2025-12-08T08:08:10","guid":{"rendered":"https:\/\/www.europesays.com\/it\/250884\/"},"modified":"2025-12-08T08:08:10","modified_gmt":"2025-12-08T08:08:10","slug":"britney-spears-la-riflessione-dopo-le-tensioni-con-lex-kevin-federline-a-volte-quando-accadono-cose-difficili-nascono-cose-buone-e-impariamo","status":"publish","type":"post","link":"https:\/\/www.europesays.com\/it\/250884\/","title":{"rendered":"Britney Spears, la riflessione dopo le tensioni con l\u2019ex Kevin Federline: \u00abA volte, quando accadono cose difficili, nascono cose buone e impariamo\u00bb"},"content":{"rendered":"<p class=\"has-dropcap\">Britney Spears \u00e8 tornata su Instagram e ha scelto di farlo con un invito a guardare dentro di s\u00e9, a dare voce al proprio bambino interiore e a trovare significato anche nei momenti pi\u00f9 duri della vita.<\/p>\n<p>Dopo aver <strong>riattivato il suo profilo il 7 novembre, in seguito a una pausa dovuta alle tensioni con l\u2019ex<\/strong> marito Kevin Federline, la popstar ha condiviso un lungo messaggio, poi accorciato, accompagnato da un video in cui balla sulle note di Adele, Send My Love (To Your New Lover). E canta in playback i versi \u00abWe\u2019ve gotta let go of all of our ghosts\u00bb e \u00abWe both know we ain\u2019t kids no more\u00bb, un accompagnamento musicale al suo messaggio.<\/p>\n<p>\u00abNon ho ancora trovato il mio vestito da party per quest\u2019anno\u2026\u00bb, scrive la popstar. \u00abRiflettere fa bene all\u2019anima\u2026 A volte, quando accadono cose difficili, nascono cose buone e impariamo\u2026\u00bb. Una dichiarazione che richiama gli ultimi mesi difficili, durante i quali Britney Spears \u00e8 stata di nuovo <strong>travolta dall\u2019attenzione mediatica per via del memoir di <a href=\"https:\/\/www.vanityfair.it\/article\/figli-britney-spears-non-vogliono-piu-vederla-accusa-ex-marito-reazione-popstar-news-foto\" rel=\"nofollow noopener\" target=\"_blank\">Kevin Federline<\/a>, You Thought You Knew, e alle <a href=\"https:\/\/www.vanityfair.it\/article\/kevin-federline-britney-spears-figli-dormire-coltello\" target=\"_blank\" rel=\"nofollow noopener\">accuse nei suoi confronti<\/a>.<\/strong><\/p>\n<p>\u00abChiamatelo infantilismo, stupidaggine, fastidio\u2026 Cresciamo e diventiamo donne, ma abbiate il coraggio di conservare la parte pi\u00f9 sensibile dell\u2019anima e permetterle di ribellarsi\u2026 <strong>il bambino che abbiamo dentro deve parlare nei momenti pi\u00f9 vulnerabili<\/strong>\u00bb, scrive la popstar.<\/p>\n<p>\u00abTristezza e oscurit\u00e0 sopravvivono per farci comprendere cosa significhi perdere qualcuno e capire il male e il dolore\u2026 A volte, <strong>attraverso sofferenza e bruttezza e sacrificio, possono manifestarsi cose estremamente rare e bellissime<\/strong>, e possono essere condivise per toccare un\u2019altra persona, cos\u00ec capisce che non \u00e8 sola\u2026 e tuttavia la donna che \u00e8 in me si assicurer\u00e0 di trovare la mia destinazione\u00bb.<\/p>\n","protected":false},"excerpt":{"rendered":"Britney Spears \u00e8 tornata su Instagram e ha scelto di farlo con un invito a guardare dentro di&hellip;\n","protected":false},"author":3,"featured_media":250885,"comment_status":"","ping_status":"","sticky":false,"template":"","format":"standard","meta":{"footnotes":""},"categories":[1443],"tags":[58581,203,204,1537,90,89,1538,1539],"class_list":{"0":"post-250884","1":"post","2":"type-post","3":"status-publish","4":"format-standard","5":"has-post-thumbnail","7":"category-musica","8":"tag-britney-spears","9":"tag-entertainment","10":"tag-intrattenimento","11":"tag-it","12":"tag-italia","13":"tag-italy","14":"tag-music","15":"tag-musica"},"share_on_mastodon":{"url":"https:\/\/pubeurope.com\/@it\/115682928546663518","error":""},"_links":{"self":[{"href":"https:\/\/www.europesays.com\/it\/wp-json\/wp\/v2\/posts\/250884","targetHints":{"allow":["GET"]}}],"collection":[{"href":"https:\/\/www.europesays.com\/it\/wp-json\/wp\/v2\/posts"}],"about":[{"href":"https:\/\/www.europesays.com\/it\/wp-json\/wp\/v2\/types\/post"}],"author":[{"embeddable":true,"href":"https:\/\/www.europesays.com\/it\/wp-json\/wp\/v2\/users\/3"}],"replies":[{"embeddable":true,"href":"https:\/\/www.europesays.com\/it\/wp-json\/wp\/v2\/comments?post=250884"}],"version-history":[{"count":0,"href":"https:\/\/www.europesays.com\/it\/wp-json\/wp\/v2\/posts\/250884\/revisions"}],"wp:featuredmedia":[{"embeddable":true,"href":"https:\/\/www.europesays.com\/it\/wp-json\/wp\/v2\/media\/250885"}],"wp:attachment":[{"href":"https:\/\/www.europesays.com\/it\/wp-json\/wp\/v2\/media?parent=250884"}],"wp:term":[{"taxonomy":"category","embeddable":true,"href":"https:\/\/www.europesays.com\/it\/wp-json\/wp\/v2\/categories?post=250884"},{"taxonomy":"post_tag","embeddable":true,"href":"https:\/\/www.europesays.com\/it\/wp-json\/wp\/v2\/tags?post=250884"}],"curies":[{"name":"wp","href":"https:\/\/api.w.org\/{rel}","templated":true}]}}