{"id":250909,"date":"2025-12-08T08:31:15","date_gmt":"2025-12-08T08:31:15","guid":{"rendered":"https:\/\/www.europesays.com\/it\/250909\/"},"modified":"2025-12-08T08:31:15","modified_gmt":"2025-12-08T08:31:15","slug":"la-famiglia-nel-bosco-anchio-vivevo-cosi-con-romina-offro-casa-gratis-e-un-lavoro-spunta-lidea-top-secret","status":"publish","type":"post","link":"https:\/\/www.europesays.com\/it\/250909\/","title":{"rendered":"\u00abLa famiglia nel bosco? Anch&#8217;io vivevo cos\u00ec con Romina. Offro casa gratis e un lavoro\u00bb. Spunta l&#8217;idea top secret"},"content":{"rendered":"<p>&#13;<br \/>\n                               &#13;<br \/>\n                                                &#13;<br \/>\n                &#13;<\/p>\n<p>La loro storia ormai la conoscono tutti: di <a href=\"https:\/\/www.leggo.it\/t\/nathan-trevallion\" rel=\"nofollow noopener\" target=\"_blank\">Nathan Trevallion<\/a> e <a href=\"https:\/\/www.leggo.it\/t\/catherine-birmingham\" rel=\"nofollow noopener\" target=\"_blank\">Catherine Birmingham<\/a>, i tre figli e la <a href=\"https:\/\/www.leggo.it\/t\/famiglia-nel-bosco\" rel=\"nofollow noopener\" target=\"_blank\">famiglia nel bosco<\/a>, si parla da giorni con opinioni contrastanti e pubblico che si divide. Non ha grossi dubbi su di loro invece il cantante <a href=\"https:\/\/www.leggo.it\/t\/al-bano-carrisi\" rel=\"nofollow noopener\" target=\"_blank\">Al Bano Carrisi<\/a>, che promuove le loro scelte e tende loro la mano, offrendo un lavoro \u00abperch\u00e9 non si voltano le spalle all&#8217;umanit\u00e0\u00bb. Lo fa dalle colonne del Corriere della Sera, in un&#8217;intervista in cui spiega che capisce questa famiglia: \u00abAvevo fatto la stessa scelta per me, Romina e i nostri figli. Ora metto loro a disposizione una casa. E, se mi contatteranno, anche un lavoro\u00bb.<\/p>\n<p>&#13;<br \/>\n&#13;<br \/>\n&#13;<br \/>\n&#13;<\/p>\n<p>\u00abLa mia \u00e8 stata una scelta. Non volevo che i miei figli vivessero nel caos e nell\u2019inquinamento. Mi sposai con Romina il 26 luglio del 1970; cominciai a far costruire la nostra casa a settembre. Alla fine dell\u2019anno successivo, ci vivevamo. Sempre compatibilmente con il mio lavoro che mi ha sempre portato a viaggiare\u00bb, aggiunge il cantante, che vive nella sua Cellino San Marco. \u00abL\u2019acqua la sto ancora aspettando. Usiamo quella che proviene dai pozzi artesiani. Per avere l\u2019elettricit\u00e0, nel 1970, dovetti pagare 20 milioni di vecchie lire all\u2019Enel\u00bb. <\/p>\n<p>&#13;<br \/>\n&#13;<br \/>\n<strong>\u00abBagno esterno? L&#8217;ho avuto anch&#8217;io\u00bb<\/strong>&#13;<br \/>\n&#13;<\/p>\n<p>Al Bano non vede come fumo negli occhi alcuni particolari ritenuti inaccettabili sia dai detrattori della famiglia nel bosco, sia soprattutto dai servizi sociali, come il bagno a secco esterno al casolare: \u00abFino a quando avevo 17 anni ho vissuto in una casa con il bagno esterno, in molte case era fuori vicino alla cucina\u00bb, dice. Peccato che i suoi 17 anni Al Bano li abbia compiuti nel 1960, non proprio l&#8217;altro ieri. Sull&#8217;istruzione parentale invece il sostegno \u00e8 meno chiaro: \u00abI miei figli frequentavano la scuola americana. Ma erano al di fuori di ogni tipo di contaminazione\u00bb. <\/p>\n<p>&#13;<br \/>\n&#13;<\/p>\n<p>Quanto a ci\u00f2 che offre a questa famiglia, Al Bano \u00e8 pi\u00f9 criptico: \u00abGli offro casa a titolo gratuito e senza limiti di tempo. Loro sanno quello che stanno facendo e io pure &#8211; dice, ventilando l&#8217;idea di una specie di progetto top secret &#8211; Mi stanno cercando gli autori di tanti programmi televisivi, ma io non voglio dire altro perch\u00e9 c\u2019\u00e8 chi potrebbe pensare che voglia farmi pubblicit\u00e0. Seguo solo il mio istinto. Sono convinto che quei genitori siano brave persone e che siano stati maltrattati per una scelta di vita controcorrente, alla Robinson Crusoe. E poi, abbiamo visto tutti le immagini dei loro bambini felici. Dal punto di vista umano, mi sembra un\u2019esagerazione aver disposto l\u2019allontanamento dei figli\u00bb.<\/p>\n<p>                                &#13;<br \/>\n                &#13;<br \/>\n&#13;<br \/>\n                Ultimo aggiornamento: luned\u00ec 8 dicembre 2025, 08:50&#13;<br \/>\n                <br \/>&#13;<br \/>\n                &#13;<br \/>\n                  &#13;<br \/>\n                    &#13;<br \/>\n                        \u00a9 RIPRODUZIONE RISERVATA&#13;<\/p>\n<p>&#13;<\/p>\n<p>                    &#13;<\/p>\n","protected":false},"excerpt":{"rendered":"&#13; &#13; &#13; &#13; La loro storia ormai la conoscono tutti: di Nathan Trevallion e Catherine Birmingham, i&hellip;\n","protected":false},"author":3,"featured_media":250910,"comment_status":"","ping_status":"","sticky":false,"template":"","format":"standard","meta":{"footnotes":""},"categories":[1451],"tags":[147843,1621,1620,203,136590,204,1537,90,89],"class_list":{"0":"post-250909","1":"post","2":"type-post","3":"status-publish","4":"format-standard","5":"has-post-thumbnail","7":"category-celebrita","8":"tag-al-bano-carrisi","9":"tag-celebrita","10":"tag-celebrities","11":"tag-entertainment","12":"tag-famiglia-nel-bosco","13":"tag-intrattenimento","14":"tag-it","15":"tag-italia","16":"tag-italy"},"share_on_mastodon":{"url":"https:\/\/pubeurope.com\/@it\/115683019054256186","error":""},"_links":{"self":[{"href":"https:\/\/www.europesays.com\/it\/wp-json\/wp\/v2\/posts\/250909","targetHints":{"allow":["GET"]}}],"collection":[{"href":"https:\/\/www.europesays.com\/it\/wp-json\/wp\/v2\/posts"}],"about":[{"href":"https:\/\/www.europesays.com\/it\/wp-json\/wp\/v2\/types\/post"}],"author":[{"embeddable":true,"href":"https:\/\/www.europesays.com\/it\/wp-json\/wp\/v2\/users\/3"}],"replies":[{"embeddable":true,"href":"https:\/\/www.europesays.com\/it\/wp-json\/wp\/v2\/comments?post=250909"}],"version-history":[{"count":0,"href":"https:\/\/www.europesays.com\/it\/wp-json\/wp\/v2\/posts\/250909\/revisions"}],"wp:featuredmedia":[{"embeddable":true,"href":"https:\/\/www.europesays.com\/it\/wp-json\/wp\/v2\/media\/250910"}],"wp:attachment":[{"href":"https:\/\/www.europesays.com\/it\/wp-json\/wp\/v2\/media?parent=250909"}],"wp:term":[{"taxonomy":"category","embeddable":true,"href":"https:\/\/www.europesays.com\/it\/wp-json\/wp\/v2\/categories?post=250909"},{"taxonomy":"post_tag","embeddable":true,"href":"https:\/\/www.europesays.com\/it\/wp-json\/wp\/v2\/tags?post=250909"}],"curies":[{"name":"wp","href":"https:\/\/api.w.org\/{rel}","templated":true}]}}