{"id":250924,"date":"2025-12-08T08:42:11","date_gmt":"2025-12-08T08:42:11","guid":{"rendered":"https:\/\/www.europesays.com\/it\/250924\/"},"modified":"2025-12-08T08:42:11","modified_gmt":"2025-12-08T08:42:11","slug":"il-blitz-nel-kursk-e-la-mia-armata-cosi-e-iniziata-la-rovina-di-kiev","status":"publish","type":"post","link":"https:\/\/www.europesays.com\/it\/250924\/","title":{"rendered":"Il blitz nel Kursk e la mia armata. Cos\u00ec \u00e8 iniziata la rovina di Kiev"},"content":{"rendered":"<p>&#8220;Prima o poi tutte le guerre finiscono. Prima finir\u00e0 meglio sar\u00e0. Per noi e per gli ucraini. Ma per fermare i combattimenti non basta congelare la guerra, bisogna prima risolvere le ragioni alla radice del conflitto. Non possiamo accettare una tregua che consenta all&#8217;avversario di riorganizzarsi e tornare a minacciarci&#8221;. Sulla pace il generale Apti Alaudinov, 53 anni, la pensa come quel <a data-autogenerated=\"yes\" data-datalayer-click-event-target=\"internal\" href=\"https:\/\/www.ilgiornale.it\/persone\/vladimir-putin-131585.html\" rel=\"nofollow noopener\" target=\"_blank\">Vladimir Putin<\/a> che in questi anni gli ha appuntato sul petto le pi\u00f9 alte onorificenze dalla Medaglia al Coraggio a quello di Eroe della Russia. Ma la particolarit\u00e0 di questo generale, considerato uno dei pi\u00f9 capaci fra quelli alla testa cosiddetta Operazione Speciale, \u00e8 di essere ceceno e di comandare Akhmat Spetsnaz, l&#8217;unit\u00e0 che riunisce reduci della Wagner, truppe cecene e minoranze di ogni parte della Russia e delle ex Repubbliche Sovietiche. In Russia \u00e8 famoso soprattutto per aver respinto le truppe ucraine che nell&#8217;agosto 2024 occuparono quai mille chilometri di territori nella regione del Kursk. &#8220;L&#8217;Ucraina sta perdendo la guerra &#8211; spiega Alaudinov in questa intervista esclusiva a il Giornale &#8211; proprio a causa di quella sortita &#8211; nel Kursk hanno perso le migliori unit\u00e0 e dilapidato le armi ricevute dagli alleati. Avevano promesso alla Nato di conquistare Kursk e la centrale atomica di Kurchatov, ma non avevano fatto i conti con linea difensiva tenuta da Akhmat Spetsnaz. L&#8217;8 marzo scorso l&#8217;Operazione Tubo messa a segno dai miei uomini ha messo fine alle loro illusioni&#8221;.<\/p>\n<p><strong>Qual \u00e8 stato il segreto di quella vittoria?<\/strong><\/p>\n<p>&#8220;Lo spirito combattivo dei miei uomini. Sono entrati in 680 dentro un gasdotto dismesso largo appena un metro e quaranta, sono avanzati nell&#8217;oscurit\u00e0 lungo oltre 15 chilometri di tubature e, due giorni dopo, sono riemersi alle spalle del nemico costringendolo ad abbandonare le posizioni e a fuggire&#8221;.<\/p>\n<p><strong>Ma cos&#8217;\u00e8 l&#8217;Akhmat Spetsnaz?<\/strong><\/p>\n<p>&#8220;Siamo l&#8217;unit\u00e0 pi\u00f9 internazionale dell&#8217;esercito russo. Con noi combattono non solo rappresentanti di tutte le nazionalit\u00e0 della federazione, ma anche giapponesi, cinesi, coreani e persino africani. Siamo musulmani, ortodossi e di altre religioni ancora, ma combattiamo tutti nel nome di Dio, per la difesa della famiglia e dei valori tradizionali&#8221;.<\/p>\n<p><strong>Ceceni e russi hanno si sono affrontati in due guerre sanguinosissime. Com&#8217;\u00e8 possibile che combattiate assieme?<\/strong><\/p>\n<p>&#8220;Lei si sbaglia. Anche in quelle due guerre io e tantissimi altri ceceni abbiamo combattuto per la Russia contro jihadisti e separatisti&#8221;.<\/p>\n<p><strong>E la guerra all&#8217;Ucraina come va?<\/strong><\/p>\n<p>&#8220;Direi che la stiamo vincendo. Il nemico subisce perdite pesanti e continua a ritirarsi. Le nostre truppe invece avanzano e liberano uno o due insediamenti al giorno&#8221;.<\/p>\n<p><strong>Come mai gli ucraini non riescono pi\u00f9 a tenere le posizioni?<\/strong><\/p>\n<p>&#8220;La ragione principale \u00e8 la mancanza di soldati. Hanno confidato troppo nelle forniture occidentali. Erano convinti di poter costringere la Russia a firmare un trattato alle loro condizioni. E alla fine erano riusciti a persuadere anche gli alleati occidentali. Ma questa convinzione li ha portati al disastro. Subiscono perdite impressionanti, molto pi\u00f9 pesanti delle nostre. Per questo non trovano pi\u00f9 reclute da arruolare e schierare in prima linea. E nel frattempo fanno i conti con l&#8217;esaurimento delle risorse americane ed europee&#8221;.<\/p>\n<p><strong>E il vostro esercito non \u00e8 stanco?<\/strong><\/p>\n<p>&#8220;Ovviamente dopo quasi 4 anni di guerra anche noi sentiamo la stanchezza. Qualsiasi esercito la sentirebbe. Oggi per\u00f2 le nostre truppe sono quello con la pi\u00f9 elevata capacit\u00e0 di mobilitazione e con la pi\u00f9 vasta esperienza di combattimento. Inoltre stiamo aumentando la produzione di armamenti e droni.\n<\/p>\n<p> Alla fine del primo anno di guerra eravamo sicuramente in difficolt\u00e0 e ci mancavano molte cose. Ma oggi l&#8217;economia russa \u00e8 stata completamente riorganizzata. E questo ci consente di affrontare la guerra senza troppi problemi&#8221;.<\/p>\n","protected":false},"excerpt":{"rendered":"&#8220;Prima o poi tutte le guerre finiscono. Prima finir\u00e0 meglio sar\u00e0. Per noi e per gli ucraini. Ma&hellip;\n","protected":false},"author":3,"featured_media":250925,"comment_status":"","ping_status":"","sticky":false,"template":"","format":"standard","meta":{"footnotes":"","_share_on_mastodon":"0"},"categories":[160],"tags":[1499,30531,14,164,165,166,7,15,11,167,12,168,161,162,163],"class_list":["post-250924","post","type-post","status-publish","format-standard","has-post-thumbnail","category-mondo","tag-blitz","tag-cecenia","tag-cronaca","tag-dal-mondo","tag-dalmondo","tag-mondo","tag-news","tag-notizie","tag-ultime-notizie","tag-ultime-notizie-di-mondo","tag-ultimenotizie","tag-ultimenotiziedimondo","tag-world","tag-world-news","tag-worldnews"],"share_on_mastodon":{"url":"https:\/\/pubeurope.com\/@it\/115683062291279832","error":""},"_links":{"self":[{"href":"https:\/\/www.europesays.com\/it\/wp-json\/wp\/v2\/posts\/250924","targetHints":{"allow":["GET"]}}],"collection":[{"href":"https:\/\/www.europesays.com\/it\/wp-json\/wp\/v2\/posts"}],"about":[{"href":"https:\/\/www.europesays.com\/it\/wp-json\/wp\/v2\/types\/post"}],"author":[{"embeddable":true,"href":"https:\/\/www.europesays.com\/it\/wp-json\/wp\/v2\/users\/3"}],"replies":[{"embeddable":true,"href":"https:\/\/www.europesays.com\/it\/wp-json\/wp\/v2\/comments?post=250924"}],"version-history":[{"count":0,"href":"https:\/\/www.europesays.com\/it\/wp-json\/wp\/v2\/posts\/250924\/revisions"}],"wp:featuredmedia":[{"embeddable":true,"href":"https:\/\/www.europesays.com\/it\/wp-json\/wp\/v2\/media\/250925"}],"wp:attachment":[{"href":"https:\/\/www.europesays.com\/it\/wp-json\/wp\/v2\/media?parent=250924"}],"wp:term":[{"taxonomy":"category","embeddable":true,"href":"https:\/\/www.europesays.com\/it\/wp-json\/wp\/v2\/categories?post=250924"},{"taxonomy":"post_tag","embeddable":true,"href":"https:\/\/www.europesays.com\/it\/wp-json\/wp\/v2\/tags?post=250924"}],"curies":[{"name":"wp","href":"https:\/\/api.w.org\/{rel}","templated":true}]}}