{"id":250946,"date":"2025-12-08T09:02:30","date_gmt":"2025-12-08T09:02:30","guid":{"rendered":"https:\/\/www.europesays.com\/it\/250946\/"},"modified":"2025-12-08T09:02:30","modified_gmt":"2025-12-08T09:02:30","slug":"luca-carboni-accese-a-bologna-luminarie-con-versi-sua-canzone-onore-incredibile-video","status":"publish","type":"post","link":"https:\/\/www.europesays.com\/it\/250946\/","title":{"rendered":"Luca Carboni, accese a Bologna luminarie con versi sua canzone: &#8216;Onore incredibile&#8217;. VIDEO"},"content":{"rendered":"<p>&#8220;Da bolognese per me \u00e8 un onore incredibile, qualcosa di enorme pensare che a illuminare questa via cos\u00ec importante della nostra citt\u00e0 sia una mia canzone&#8221;. Queste le parole emozionate con cui il cantautore bolognese <b>Luca Carboni<\/b>, insieme al sindaco di Bologna Matteo Lepore, questo pomeriggio ha inaugurato le luminarie in via Indipendenza che, riportando le parole del suo celebre brano &#8220;Bologna \u00e8 una regola&#8221;, coloreranno la strada del centro storico fino al prossimo marzo. Tra le grida entusiaste di una folla composta da centinaia di fan, arrivati anche da fuori regione per vederlo.<\/p>\n<p>\t\t \t&#8220;i miei pensieri sopra la testa di chi cammina, mi commuove&#8221;<\/p>\n<p>Carboni ha spiegato cosa significa per lui questo &#8220;importante riconoscimento. L&#8217;idea che i miei pensieri possano essere sopra la testa di chi cammina, in questi luoghi cos\u00ec importanti, mi fa commuovere: il rapporto con Bologna \u00e8 cosa che pu\u00f2 scoprire chiunque, i bolognesi e chi viene da fuori, ognuno con la sua dimensione, la sua regola e il suo rapporto magico che sempre si crea con questa citt\u00e0&#8221;. Dopo il conto alla rovescia, le luminarie si sono accese e la folla, insieme, ha iniziato a cantare il brano di Carboni. Un&#8217;occasione, ha commentato Lepore, &#8220;non solo per augurare delle buone feste, ma anche per celebrare l&#8217;apertura del tratto di via Indipendenza, tra via Goito e via Righi, e che prima di Natale sar\u00e0 libera interamente. Presto, poi, anche San Felice sar\u00e0 ultimata, a inizio dell&#8217;anno nuovo&#8221;. Entro il 27, ha aggiunto Lepore parlando del tram, &#8220;avvieremo il servizio, i collaudi valuteranno il mezzo lo vedrete quindi girare vuoto prima per la citt\u00e0&#8221;. Tornando a Luca Carboni, il sindaco ha poi ricordato che si esibir\u00e0 in <strong>due date diverse a gennaio<\/strong>, dopo uno stop di diversi anni. In quell&#8217;occasione &#8220;dovr\u00e0 esserci anche Cesare Cremonini, per fare un omaggio a questa citt\u00e0 e cantare insieme &#8216;San Luca&#8217;, la nostra canzone&#8221; ha concluso il cantautore.<\/p>\n<p>\t\t\t<a class=\"c-inline-card j-inline-card c-inline-card--with-image\" href=\"https:\/\/tg24.sky.it\/spettacolo\/musica\/2025\/11\/12\/luca-carboni-concerto-milano\" rel=\"follow nofollow noopener\" data-intcmp=\"skytg24_articolo_approfondimenti_inline\" target=\"_blank\"><\/p>\n<p>\t\t\t         <img decoding=\"async\" crossorigin=\"anonymous\" alt=\"\" src=\"https:\/\/www.europesays.com\/it\/wp-content\/uploads\/2025\/12\/carboni1.jpg\"  loading=\"lazy\"  bad-src=\"https:\/\/www.europesays.com\/it\/wp-content\/uploads\/2025\/12\/carboni1.jpg\"\/><\/p>\n<p>\n\t\t\t         Approfondimento<br \/>\n\t\t\t         Luca Carboni in concerto a Milano: &#8220;Una emozione immensa essere qua&#8221;\n\t\t\t      <\/p>\n<p>\t\t\t<\/a><\/p>\n","protected":false},"excerpt":{"rendered":"&#8220;Da bolognese per me \u00e8 un onore incredibile, qualcosa di enorme pensare che a illuminare questa via cos\u00ec&hellip;\n","protected":false},"author":3,"featured_media":250947,"comment_status":"","ping_status":"","sticky":false,"template":"","format":"standard","meta":{"footnotes":""},"categories":[1443],"tags":[586,203,204,1537,90,89,1538,1539],"class_list":{"0":"post-250946","1":"post","2":"type-post","3":"status-publish","4":"format-standard","5":"has-post-thumbnail","7":"category-musica","8":"tag-bologna","9":"tag-entertainment","10":"tag-intrattenimento","11":"tag-it","12":"tag-italia","13":"tag-italy","14":"tag-music","15":"tag-musica"},"share_on_mastodon":{"url":"https:\/\/pubeurope.com\/@it\/115683141218934182","error":""},"_links":{"self":[{"href":"https:\/\/www.europesays.com\/it\/wp-json\/wp\/v2\/posts\/250946","targetHints":{"allow":["GET"]}}],"collection":[{"href":"https:\/\/www.europesays.com\/it\/wp-json\/wp\/v2\/posts"}],"about":[{"href":"https:\/\/www.europesays.com\/it\/wp-json\/wp\/v2\/types\/post"}],"author":[{"embeddable":true,"href":"https:\/\/www.europesays.com\/it\/wp-json\/wp\/v2\/users\/3"}],"replies":[{"embeddable":true,"href":"https:\/\/www.europesays.com\/it\/wp-json\/wp\/v2\/comments?post=250946"}],"version-history":[{"count":0,"href":"https:\/\/www.europesays.com\/it\/wp-json\/wp\/v2\/posts\/250946\/revisions"}],"wp:featuredmedia":[{"embeddable":true,"href":"https:\/\/www.europesays.com\/it\/wp-json\/wp\/v2\/media\/250947"}],"wp:attachment":[{"href":"https:\/\/www.europesays.com\/it\/wp-json\/wp\/v2\/media?parent=250946"}],"wp:term":[{"taxonomy":"category","embeddable":true,"href":"https:\/\/www.europesays.com\/it\/wp-json\/wp\/v2\/categories?post=250946"},{"taxonomy":"post_tag","embeddable":true,"href":"https:\/\/www.europesays.com\/it\/wp-json\/wp\/v2\/tags?post=250946"}],"curies":[{"name":"wp","href":"https:\/\/api.w.org\/{rel}","templated":true}]}}