{"id":250958,"date":"2025-12-08T09:10:20","date_gmt":"2025-12-08T09:10:20","guid":{"rendered":"https:\/\/www.europesays.com\/it\/250958\/"},"modified":"2025-12-08T09:10:20","modified_gmt":"2025-12-08T09:10:20","slug":"milano-al-san-raffaele-cure-intensive-nel-caos-rischi-per-i-malati-la-direzione-situazione-ora-sotto-controllo","status":"publish","type":"post","link":"https:\/\/www.europesays.com\/it\/250958\/","title":{"rendered":"Milano, al San Raffaele cure intensive nel caos: \u00abRischi per i malati\u00bb. La direzione: situazione ora sotto controllo"},"content":{"rendered":"<p>    di<br \/>\n    Sara Bettoni<\/p>\n<p class=\"summary-art is-line-h-12\">Serie di errori degli infermieri della cooperativa esterna al primo giorno di servizio: in tilt il terzo piano che ospita la Medicina ad alta intensit\u00e0, la Medicina di cure intensive e l\u2019Admission room. Dopo l&#8217;allarme dei medici pazienti trasferiti: istituita un&#8217;unit\u00e0 di crisi<\/p>\n<p class=\"chapter-paragraph\">Ore di caos all\u2019ospedale San Raffaele. <b>Una serie di errori \u2014 alcuni potenzialmente fatali per i malati \u2014   della cooperativa di infermieri <\/b> ha mandato in tilt il terzo piano dell\u2019Iceberg, nel padiglione inaugurato pochi anni fa. Qui si trovano la Medicina ad alta intensit\u00e0, la Medicina di cure intensive e l\u2019Admission room. I primari coinvolti e la direzione sanitaria dell\u2019ospedale hanno dovuto<b> bloccare l\u2019arrivo di nuovi pazienti<\/b> dal pronto soccorso e trasferire in altri reparti i ricoverati del settore affidato alla coop. \u00c8 stata anche<b> istituita una Unit\u00e0 di crisi. <\/b>A tutti i reparti \u00e8 stato inoltre chiesto di liberare pi\u00f9 posti possibili,  rimandando a casa i pazienti in condizione di essere dimessi.<\/p>\n<p class=\"chapter-paragraph\">Alla base del pasticcio, <b>la scelta varata dall\u2019amministratore unico Francesco Galli di affidare reparti cos\u00ec delicati a una coop esterna<\/b>, che non ha dimostrato le competenze per gestirli. Una decisione che era stata sconsigliata dagli \u00abinterni\u00bb.\u00a0    &#13;<br \/>\n&#13;<br \/>\n&#13;<br \/>\n&#13;<br \/>\n&#13;<br \/>\n&#13;<br \/>\n&#13;<br \/>\n&#13;<br \/>\n&#13;<br \/>\n&#13;<br \/>\n&#13;<br \/>\n&#13;<br \/>\n&#13;<br \/>\n&#13;<br \/>\n&#13;<br \/>\n&#13;<br \/>\n&#13;<br \/>\n&#13;<br \/>\n&#13;<br \/>\n&#13;<br \/>\n&#13;<br \/>\n&#13;<br \/>\n&#13;<br \/>\n&#13;<br \/>\n&#13;<br \/>\n&#13;<br \/>\n&#13;<br \/>\n&#13;<br \/>\n&#13;<br \/>\n&#13;<br \/>\n&#13;<br \/>\n&#13;<br \/>\n&#13;<br \/>\n&#13;<br \/>\n&#13;<br \/>\n&#13;<br \/>\n&#13;<br \/>\n&#13;<br \/>\n&#13;<br \/>\n&#13;<br \/>\n&#13;<br \/>\n&#13;<br \/>\n&#13;<br \/>\n&#13;<br \/>\n&#13;<br \/>\n&#13;<br \/>\n&#13;<br \/>\n&#13;<br \/>\n&#13;<br \/>\n&#13;<br \/>\n&#13;<br \/>\n&#13;<br \/>\n&#13;\n<\/p>\n<p>    L&#8217;allarme nelle email<\/p>\n<p class=\"chapter-paragraph\">Nelle mail circolate tra la notte di sabato e ieri mattina si parla di \u00ab<b>problemi di assistenza infermieristica che si sono drammaticamente palesati<\/b> nella prima giornata di presa in carico del servizio da parte di una cooperativa, che hanno gi\u00e0 determinato situazioni ad elevatissimo rischio per i pazienti\u00bb e di \u00abpericolosa di gestione dei pazienti pi\u00f9 critici\u00bb.  Un\u2019altra mail riporta la serie di errori commessi gi\u00e0 nella notte tra il 5 e il 6 dicembre. <b>\u00abUn infermiere  riferisce di non aver mai fatto affiancamento in reparto\u00bb. <\/b>\u00abNon sapeva dove fossero i farmaci\u00bb. Un\u2019operatrice  non conosceva bene l\u2019italiano n\u00e9 i nomi dei preparati e ha somministrato una dose di un medicinale <b>dieci volte superiore all\u2019indicazione.<\/b> Ancora, una sua collega non sapeva contattare il medico di guardia con il \u00abcicalino\u00bb. E quasi tutte le terapie date ai pazienti non erano state segnate in cartella clinica. Per applicare la maschera per la ventilazione non invasiva a un paziente si \u00e8 dovuto ricorrere all\u2019aiuto di un infermiere di Neurochirurgia. Una situazione giudicata \u00abinaccettabile\u00bb dal personale interno dell\u2019ospedale e <b>considerata \u00abestremamente pericolosa per i pazienti, ma anche per i medici\u00bb<\/b>. A nulla \u00e8 valsa la richiesta alla coop di inviare personale pi\u00f9 qualificato.\u00a0<\/p>\n<p>    La coop per i malati\u00a0\u00abnon paganti\u00bb<\/p>\n<p class=\"chapter-paragraph\">D\u2019altra parte, i sindacati alla fine dell\u2019estate avevano segnalato <b>la dimissione di circa 15 infermieri proprio dai reparti dell\u2019Iceberg <\/b>e la decisione della dirigenza di concentrare gli operatori assunti nei reparti in solvenza, lasciando <b>le cooperative in quelli  che si occupano dei malati \u00abnon paganti\u00bb<\/b>.  L\u2019ospedale del Gruppo San Donato, in mano alla famiglia Rotelli, \u00e8 un privato accreditato a contratto con il Servizio sanitario nazionale. Una parte dell\u2019attivit\u00e0 \u00e8 a pagamento, una parte rientra invece nel sistema pubblico.<\/p>\n<p>    Caos al centro prelievi<\/p>\n<p class=\"chapter-paragraph\">Dall\u2019inizio del mandato di Galli, alla guida del San Raffaele da maggio scorso, non \u00e8 la prima volta che<b>  la riorganizzazione e i tagli creano scompiglio in ospedale.<\/b> A settembre sono sorte proteste per la decisione di mettere un \u00ab<a href=\"https:\/\/milano.corriere.it\/notizie\/cronaca\/25_settembre_13\/caos-al-centro-prelievi-del-san-raffaele-l-ats-avvia-le-verifiche-code-all-alba-e-attese-di-ore-per-la-domanda-altissima-fbd7d2ef-7505-42a1-9860-56e58e2ecxlk.shtml\" title=\"Caos al centro prelievi del San Raffaele, l&#039;Ats avvia le verifiche. \u00abCode all\u2019alba e attese di ore per la domanda altissima\u00bb\" rel=\"nofollow noopener\" target=\"_blank\">tetto\u00bb al numero di persone che ogni giorno possono accedere al punto prelievi: <\/a>non pi\u00f9 di cento. Sarebbe stato ridotto anche il personale amministrativo.  Le conseguenze? Meno sportelli aperti  e file pi\u00f9 lunghe per l\u2019accettazione<b>. La sforbiciata ai costi riguarda anche i servizi di pulizia e di manutenzione<\/b> e ha portato a un massiccio ricorso agli appalti esterni. Scelte culminate con il caos di questi giorni. \u00abCronaca di un disastro annunciato \u2014 dicono il sindacato Cub e la Rsu \u2014 da mesi  denunciamo che le scelte aziendali di taglio alla qualit\u00e0 del lavoro e ai salari stanno facendo fuggire i professionisti. Appaltare  reparti a societ\u00e0 di professionisti e cooperative non garantisce non solo la qualit\u00e0, ma nemmeno la sicurezza e l\u2019incolumit\u00e0 dei pazienti\u00bb. I problemi sono stati segnalati al ministero della Salute,  alla Regione e agli organi di vigilanza.<\/p>\n<p class=\"chapter-paragraph\">L\u2019ospedale fa sapere che <b>\u00abla Direzione sanitaria, attivatasi sin dalle prime ore della mattina,<\/b> grazie alla collaborazione di diverse unit\u00e0 operative si \u00e8 impegnata per garantire la migliore assistenza a pazienti, con particolare riferimento a quelli in situazioni di gravit\u00e0\u00bb. \u00abAttualmente la situazione \u00e8  sotto controllo \u2014 dice il direttore sanitario Roberts Mazzuconi \u2014  non \u00e8 stata attuata alcuna misura per la chiusura di reparti n\u00e9 per limitare l\u2019accesso dei pazienti al pronto soccorso\u00bb. Da capire se, dopo il weekend di fuoco, cambieranno le strategie di gestione del San Raffaele.<\/p>\n<p class=\"is-mr-t-20 is-mr-b-20\"><b><br \/>\n                    <a href=\"https:\/\/milano.corriere.it\/?intcmp=Notizielocali_nd_010623_corriere_ss_milano\" target=\"_blank\" rel=\"nofollow noopener\">Vai a tutte le notizie di Milano<\/a><br \/>\n            <\/b><\/p>\n<p class=\"chapter-paragraph\"><b><a href=\"https:\/\/www.corriere.it\/newsletter\/?theme=41&amp;intcmp=IIIcolonna_NL_CorMilano\" target=\"_blank\" rel=\"nofollow noopener\">Iscriviti alla newsletter di Corriere Milano<\/a><\/b><\/p>\n<p class=\"is-last-update\" datetime=\"2025-12-08T09:49:40+01:00\">8 dicembre 2025 ( modifica il 8 dicembre 2025 | 09:49)<\/p>\n<p class=\"is-copyright\">\n            \u00a9 RIPRODUZIONE RISERVATA\n        <\/p>\n","protected":false},"excerpt":{"rendered":"di Sara Bettoni Serie di errori degli infermieri della cooperativa esterna al primo giorno di servizio: in tilt&hellip;\n","protected":false},"author":3,"featured_media":250959,"comment_status":"","ping_status":"","sticky":false,"template":"","format":"standard","meta":{"footnotes":""},"categories":[79],"tags":[147871,147872,2271,7554,80101,147873,2537,8152,18934,2575,56788,34676,25371,7714,14,93,94,2339,147868,147874,1368,274,147875,1907,5362,40807,10135,2615,131309,14823,2191,12132,147876,147877,147869,147878,147879,147880,147881,147882,1537,90,89,20129,5277,7,15,812,10225,858,8381,28232,532,54075,1821,147870,669,786,11,84,91,12,85,92,11597],"class_list":{"0":"post-250958","1":"post","2":"type-post","3":"status-publish","4":"format-standard","5":"has-post-thumbnail","7":"category-italia","8":"tag-admission","9":"tag-admission-room","10":"tag-allarme","11":"tag-alta","12":"tag-alta-intensita","13":"tag-alta-intensita-medicina","14":"tag-altra","15":"tag-assistenza","16":"tag-caos","17":"tag-controllo","18":"tag-coop","19":"tag-cooperativa","20":"tag-cooperative","21":"tag-crisi","22":"tag-cronaca","23":"tag-cronaca-italiana","24":"tag-cronacaitaliana","25":"tag-cure","26":"tag-cure-intensive","27":"tag-cure-intensive-admission","28":"tag-decisione","29":"tag-direzione","30":"tag-direzione-sanitaria","31":"tag-dovuto","32":"tag-errori","33":"tag-esterna","34":"tag-galli","35":"tag-gestione","36":"tag-iceberg","37":"tag-infermiere","38":"tag-infermieri","39":"tag-intensita","40":"tag-intensita-medicina","41":"tag-intensita-medicina-cure","42":"tag-intensive","43":"tag-intensive-admission","44":"tag-intensive-admission-room","45":"tag-istituita","46":"tag-istituita-unita","47":"tag-istituita-unita-crisi","48":"tag-it","49":"tag-italia","50":"tag-italy","51":"tag-malati","52":"tag-medicina","53":"tag-news","54":"tag-notizie","55":"tag-ospedale","56":"tag-pazienti","57":"tag-personale","58":"tag-raffaele","59":"tag-reparti","60":"tag-san","61":"tag-san-raffaele","62":"tag-serie","63":"tag-serie-errori","64":"tag-servizio","65":"tag-situazione","66":"tag-ultime-notizie","67":"tag-ultime-notizie-e-news-di-oggi","68":"tag-ultime-notizie-italia","69":"tag-ultimenotizie","70":"tag-ultimenotizieenewsdioggi","71":"tag-ultimenotizieitalia","72":"tag-unita"},"share_on_mastodon":{"url":"","error":"Validation failed: Text character limit of 500 exceeded"},"_links":{"self":[{"href":"https:\/\/www.europesays.com\/it\/wp-json\/wp\/v2\/posts\/250958","targetHints":{"allow":["GET"]}}],"collection":[{"href":"https:\/\/www.europesays.com\/it\/wp-json\/wp\/v2\/posts"}],"about":[{"href":"https:\/\/www.europesays.com\/it\/wp-json\/wp\/v2\/types\/post"}],"author":[{"embeddable":true,"href":"https:\/\/www.europesays.com\/it\/wp-json\/wp\/v2\/users\/3"}],"replies":[{"embeddable":true,"href":"https:\/\/www.europesays.com\/it\/wp-json\/wp\/v2\/comments?post=250958"}],"version-history":[{"count":0,"href":"https:\/\/www.europesays.com\/it\/wp-json\/wp\/v2\/posts\/250958\/revisions"}],"wp:featuredmedia":[{"embeddable":true,"href":"https:\/\/www.europesays.com\/it\/wp-json\/wp\/v2\/media\/250959"}],"wp:attachment":[{"href":"https:\/\/www.europesays.com\/it\/wp-json\/wp\/v2\/media?parent=250958"}],"wp:term":[{"taxonomy":"category","embeddable":true,"href":"https:\/\/www.europesays.com\/it\/wp-json\/wp\/v2\/categories?post=250958"},{"taxonomy":"post_tag","embeddable":true,"href":"https:\/\/www.europesays.com\/it\/wp-json\/wp\/v2\/tags?post=250958"}],"curies":[{"name":"wp","href":"https:\/\/api.w.org\/{rel}","templated":true}]}}