{"id":250974,"date":"2025-12-08T09:26:12","date_gmt":"2025-12-08T09:26:12","guid":{"rendered":"https:\/\/www.europesays.com\/it\/250974\/"},"modified":"2025-12-08T09:26:12","modified_gmt":"2025-12-08T09:26:12","slug":"eric-dane-la-star-di-greys-anatomy-combatte-contro-la-sla-e-finisce-sulla-sedia-a-rotelle-una-malattia-terribile","status":"publish","type":"post","link":"https:\/\/www.europesays.com\/it\/250974\/","title":{"rendered":"Eric Dane, la star di Grey&#8217;s Anatomy combatte contro la Sla e finisce sulla sedia a rotelle: \u00abUna malattia terribile\u00bb"},"content":{"rendered":"<p>\n                            Il punto serale sulle notizie del giorno<br \/>\n                            <b>Iscriviti<\/b> e ricevi le notizie via email\n                        <\/p>\n<p><strong><a href=\"https:\/\/www.ilmessaggero.it\/t\/eric-dane\" rel=\"nofollow noopener\" target=\"_blank\">Eric Dane<\/a><\/strong> \u00e8\u00a0costretto a usare una sedia a rotelle per spostarsi:\u00a0la sua battaglia contro la SLA peggiora. L&#8217;ex idolo di <a href=\"https:\/\/www.ilmessaggero.it\/t\/grey\" s-anatomy=\"\" rel=\"nofollow noopener\" target=\"_blank\">Grey&#8217;s Anatomy<\/a>, 52 anni, \u00e8 stato visto\u00a0mentre attraversava l&#8217;aeroporto di Toronto, sfoggiando una corporatura molto pi\u00f9 esile del solito. Un amico lo ha aiutato a uscire dall&#8217;auto prima di salire sulla sedia a rotelle. Dane, il dottor\u00a0Mark Sloan\u00a0della popolare serie tv &#8211; sta attualmente combattendo contro la SLA, una malattia del sistema nervoso che peggiora nel tempo e colpisce le cellule nervose del cervello e del midollo spinale, portando alla perdita del controllo muscolare.<\/p>\n<p>&#13;<br \/>\n    APPROFONDIMENTI&#13;<br \/>\n    &#13;<\/p>\n<p><strong>LO SCENARIO<\/strong><\/p>\n<p>Tutto questo dopo che Dane ha finalmente rivelato il motivo per cui non ha potuto presenziare alla reunion di Grey&#8217;s Anatomy agli Emmy Awards di quest&#8217;anno. Ha rivelato che la sua assenza \u00e8 dovuta a una caduta terrificante che lo ha costretto al ricovero in ospedale. \u00abLa SLA \u00e8 una malattia terribile\u00bb, ha spiegato al Washington Post Dane, dopo che lo scorso\u00a0aprile ha annunciato di aver ricevuto la diagnosi di sclerosi laterale amiotrofica.<\/p>\n<p><strong>IL RACCONTO<\/strong><\/p>\n<p>\u00abEro in ospedale durante gli Emmy per farmi mettere dei punti in testa\u00bb, ha raccontato, aggiungendo di essere &#8220;davvero dispiaciuto&#8221; per non essere stato presente in quel momento. \u00abHo perso un&#8217;opportunit\u00e0 che aspettavo con ansia\u00bb, ha ammesso l&#8217;attore. \u00abSarebbe stato fantastico\u00a0riunirmi con alcuni dei miei colleghi, e poter presentare il mio intervento di fronte ai miei colleghi, ho pensato, sarebbe stato un momento speciale\u00bb.<\/p>\n<p><strong>LA MANO DESTRA<\/strong><\/p>\n<p>A giugno, la star, che ha interpretato anche Cal Jacobs nella serie Euphoria della HBO, ha rivelato che gli \u00e8 stata diagnosticata la malattia dopo aver \u00abiniziato ad avvertire una certa debolezza alla mano destra. Non ci ho fatto molto caso in quel momento\u00bb, ha spiegato l&#8217;attore a Diane Sawyer a Good Morning America. \u00abPensavo di aver mandato troppi messaggi o che la mia mano fosse affaticata. Ma qualche settimana dopo, ho notato che la situazione era leggermente peggiorata\u00bb. Ma Dane non si lascia abbattere dalla malattia, ha recentemente dichiarato una fonte a Page Six.\u00a0\u00abVuole godersi ci\u00f2 che ha ora perch\u00e9 ora sa con tutto il cuore che il domani non \u00e8 garantito.\u00a0Vuole vivere la vita e non vuole che nessuno lo pianga: vuole solo che le persone nella sua vita siano presenti e il pi\u00f9 felici possibile, vuole circondarsi sempre di positivit\u00e0\u00bb<\/p>\n<p>&#13;<br \/>\n                            \u00a9 RIPRODUZIONE RISERVATA&#13;<\/p>\n<p>&#13;<\/p>\n","protected":false},"excerpt":{"rendered":"Il punto serale sulle notizie del giorno Iscriviti e ricevi le notizie via email Eric Dane \u00e8\u00a0costretto a&hellip;\n","protected":false},"author":3,"featured_media":250975,"comment_status":"","ping_status":"","sticky":false,"template":"","format":"standard","meta":{"footnotes":""},"categories":[1451],"tags":[1621,1620,203,91260,80232,204,1537,90,89],"class_list":{"0":"post-250974","1":"post","2":"type-post","3":"status-publish","4":"format-standard","5":"has-post-thumbnail","7":"category-celebrita","8":"tag-celebrita","9":"tag-celebrities","10":"tag-entertainment","11":"tag-eric-dane","12":"tag-grey","13":"tag-intrattenimento","14":"tag-it","15":"tag-italia","16":"tag-italy"},"share_on_mastodon":{"url":"https:\/\/pubeurope.com\/@it\/115683235387295064","error":""},"_links":{"self":[{"href":"https:\/\/www.europesays.com\/it\/wp-json\/wp\/v2\/posts\/250974","targetHints":{"allow":["GET"]}}],"collection":[{"href":"https:\/\/www.europesays.com\/it\/wp-json\/wp\/v2\/posts"}],"about":[{"href":"https:\/\/www.europesays.com\/it\/wp-json\/wp\/v2\/types\/post"}],"author":[{"embeddable":true,"href":"https:\/\/www.europesays.com\/it\/wp-json\/wp\/v2\/users\/3"}],"replies":[{"embeddable":true,"href":"https:\/\/www.europesays.com\/it\/wp-json\/wp\/v2\/comments?post=250974"}],"version-history":[{"count":0,"href":"https:\/\/www.europesays.com\/it\/wp-json\/wp\/v2\/posts\/250974\/revisions"}],"wp:featuredmedia":[{"embeddable":true,"href":"https:\/\/www.europesays.com\/it\/wp-json\/wp\/v2\/media\/250975"}],"wp:attachment":[{"href":"https:\/\/www.europesays.com\/it\/wp-json\/wp\/v2\/media?parent=250974"}],"wp:term":[{"taxonomy":"category","embeddable":true,"href":"https:\/\/www.europesays.com\/it\/wp-json\/wp\/v2\/categories?post=250974"},{"taxonomy":"post_tag","embeddable":true,"href":"https:\/\/www.europesays.com\/it\/wp-json\/wp\/v2\/tags?post=250974"}],"curies":[{"name":"wp","href":"https:\/\/api.w.org\/{rel}","templated":true}]}}