{"id":250996,"date":"2025-12-08T09:40:13","date_gmt":"2025-12-08T09:40:13","guid":{"rendered":"https:\/\/www.europesays.com\/it\/250996\/"},"modified":"2025-12-08T09:40:13","modified_gmt":"2025-12-08T09:40:13","slug":"terrore-allalba-quella-scritta-contro-meloni-fa-ripiombare-litalia-negli-anni-piu-bui-simboli-br-e-politica-sotto-choc","status":"publish","type":"post","link":"https:\/\/www.europesays.com\/it\/250996\/","title":{"rendered":"Terrore all\u2019alba: quella scritta contro Meloni fa ripiombare l\u2019Italia negli anni pi\u00f9 bui | simboli BR e politica sotto choc"},"content":{"rendered":"<p><strong>Un messaggio minaccioso comparso su un muro di Marina di Pietrasanta scatena paura e polemiche: quella frase, accompagnata dai simboli delle BR, riapre ferite storiche e accende uno scontro politico immediato.<\/strong><\/p>\n<p>\u00c8 comparsa all\u2019alba, in viale Roma, sulla parete di un hotel affacciato sul mare. Una scritta breve, violenta, inequivocabile: \u201cSpara a Giorgia\u201d, vergata in rosso vivo, con accanto una stella a cinque punte e la sigla BR. Un gesto che ha immediatamente scatenato allarme, sdegno e un inevitabile richiamo agli anni pi\u00f9 oscuri della storia italiana.<\/p>\n<p>Gli agenti del commissariato di Forte dei Marmi stanno acquisendo immagini di videosorveglianza e verificando eventuali tracce lasciate da chi ha agito nella notte. Al momento non ci sono responsabili identificati, mentre dalla premier Giorgia Meloni non \u00e8 ancora arrivata una dichiarazione ufficiale.<\/p>\n<p><strong>La scritta minacciosa e l\u2019ombra delle Brigate Rosse: cosa \u00e8 successo davvero<\/strong><\/p>\n<p>Le reazioni politiche invece sono esplose nell\u2019arco di pochi minuti. Alessandro Giuli, ministro della Cultura, parla di un \u201cgesto intimidatorio inaccettabile\u201d, ricordando la gravit\u00e0 simbolica della sigla che ha insanguinato il Paese. Antonio Tajani ha scritto: \u201cGiorgia Meloni, non sono le minacce di qualche estremista ad intimidire te. Ti sono vicino. Preoccupa il clima di violenza dell\u2019estrema sinistra. Tutte le forze politiche dovrebbero dire: basta.\u201d<\/p>\n<p>La ministra Elisabetta Casellati invita a riportare il confronto pubblico entro limiti accettabili, mentre Paola Frassinetti definisce le scritte \u201cun richiamo inaccettabile agli anni terribili del terrorismo\u201d. Anche Giovanni Donzelli non usa giri di parole: \u201cIl linguaggio di odio rischia di fomentare i facinorosi. Giorgia non si far\u00e0 intimidire. Non ci fermeremo.\u201d<\/p>\n<p><img loading=\"lazy\" decoding=\"async\" class=\"wp-image-52001 size-full\" src=\"data:image\/svg+xml,%3Csvg%20xmlns=\" http:=\"\" alt=\"\" width=\"740\" height=\"389\" data-lazy- data-lazy- data-lazy-src=\"https:\/\/www.europesays.com\/it\/wp-content\/uploads\/2025\/12\/scritta-meloni-notizialocale.it_740.jpeg\"\/>scritta-meloni-notizialocale.it<br \/>\nCondanna trasversale e timori per un clima sociale che si sta radicalizzando<\/p>\n<p>Nel corso della mattina, il coro di solidariet\u00e0 e condanna si \u00e8 allargato. Maurizio Lupi parla di un \u201cfatto gravissimo\u201d che richiama periodi che l\u2019Italia non pu\u00f2 permettersi di rivivere. Gelmini chiede alla sinistra di condannare senza esitazioni, mentre Roberto Occhiuto di Forza Italia ribadisce che la violenza, \u201canche simbolica\u201d, non deve trovare alcuno spazio nella vita democratica.<\/p>\n<p>L\u2019episodio ha riacceso un dibattito che da mesi percorre la politica italiana: il rischio di un\u2019escalation verbale che sfocia in minacce reali, amplificate dal contesto sociale e dal clima di scontro permanente. Non \u00e8 un caso che in pi\u00f9 interventi sia stato evocato il tema della responsabilit\u00e0 politica e della necessit\u00e0 di isolare ogni forma di estremismo, a prescindere dalla provenienza.<\/p>\n<p>Mentre le indagini proseguono, resta l\u2019immagine inquietante di quelle parole sul muro, capaci da sole di evocare ricordi collettivi che sembravano consegnati ai libri di storia. Una ferita simbolica che colpisce non solo la premier, ma l\u2019intero Paese, costretto ancora una volta a fare i conti con la fragilit\u00e0 del proprio equilibrio democratico.<\/p>\n<p>\t\tContinua a leggere<\/p>\n","protected":false},"excerpt":{"rendered":"Un messaggio minaccioso comparso su un muro di Marina di Pietrasanta scatena paura e polemiche: quella frase, accompagnata&hellip;\n","protected":false},"author":3,"featured_media":250997,"comment_status":"","ping_status":"","sticky":false,"template":"","format":"standard","meta":{"footnotes":""},"categories":[6],"tags":[14,8,1537,90,89,7,15,82,9,83,10,13,11,80,84,12,81,85],"class_list":{"0":"post-250996","1":"post","2":"type-post","3":"status-publish","4":"format-standard","5":"has-post-thumbnail","7":"category-ultime-notizie","8":"tag-cronaca","9":"tag-headlines","10":"tag-it","11":"tag-italia","12":"tag-italy","13":"tag-news","14":"tag-notizie","15":"tag-notizie-di-cronaca","16":"tag-notizie-principali","17":"tag-notiziedicronaca","18":"tag-notizieprincipali","19":"tag-titoli","20":"tag-ultime-notizie","21":"tag-ultime-notizie-di-cronaca","22":"tag-ultime-notizie-e-news-di-oggi","23":"tag-ultimenotizie","24":"tag-ultimenotiziedicronaca","25":"tag-ultimenotizieenewsdioggi"},"share_on_mastodon":{"url":"https:\/\/pubeurope.com\/@it\/115683290190269571","error":""},"_links":{"self":[{"href":"https:\/\/www.europesays.com\/it\/wp-json\/wp\/v2\/posts\/250996","targetHints":{"allow":["GET"]}}],"collection":[{"href":"https:\/\/www.europesays.com\/it\/wp-json\/wp\/v2\/posts"}],"about":[{"href":"https:\/\/www.europesays.com\/it\/wp-json\/wp\/v2\/types\/post"}],"author":[{"embeddable":true,"href":"https:\/\/www.europesays.com\/it\/wp-json\/wp\/v2\/users\/3"}],"replies":[{"embeddable":true,"href":"https:\/\/www.europesays.com\/it\/wp-json\/wp\/v2\/comments?post=250996"}],"version-history":[{"count":0,"href":"https:\/\/www.europesays.com\/it\/wp-json\/wp\/v2\/posts\/250996\/revisions"}],"wp:featuredmedia":[{"embeddable":true,"href":"https:\/\/www.europesays.com\/it\/wp-json\/wp\/v2\/media\/250997"}],"wp:attachment":[{"href":"https:\/\/www.europesays.com\/it\/wp-json\/wp\/v2\/media?parent=250996"}],"wp:term":[{"taxonomy":"category","embeddable":true,"href":"https:\/\/www.europesays.com\/it\/wp-json\/wp\/v2\/categories?post=250996"},{"taxonomy":"post_tag","embeddable":true,"href":"https:\/\/www.europesays.com\/it\/wp-json\/wp\/v2\/tags?post=250996"}],"curies":[{"name":"wp","href":"https:\/\/api.w.org\/{rel}","templated":true}]}}