{"id":251039,"date":"2025-12-08T10:20:10","date_gmt":"2025-12-08T10:20:10","guid":{"rendered":"https:\/\/www.europesays.com\/it\/251039\/"},"modified":"2025-12-08T10:20:10","modified_gmt":"2025-12-08T10:20:10","slug":"adani-partita-inter-col-como-da-top-3-in-europa-massimo-livello","status":"publish","type":"post","link":"https:\/\/www.europesays.com\/it\/251039\/","title":{"rendered":"Adani: &#8220;Partita Inter col Como da top 3 in Europa. Massimo livello&#8221;"},"content":{"rendered":"<p>Durante La Nuova Ds, l&#8217;ex difensore ora opinionista Lele Adani ha parlato della vittoria dell&#8217;Inter contro il Como di sabato sera<\/p>\n<p>Durante La Nuova Ds, l&#8217;ex difensore ora opinionista Lele <a href=\"https:\/\/www.fcinter1908.it\/news\/gossip-e-curiosita\/dissing-caressa-adani-risposta\/\" rel=\"nofollow noopener\" target=\"_blank\">Adani<\/a> ha parlato della vittoria dell&#8217;Inter contro il Como di sabato sera<\/p>\n<p>&#8220;L&#8217;Inter ha fatto una partita da top 3 club in Europa, una super partita sulla qualit\u00e0 di gioco. Ora vi faccio vedere il calcio di Chivu: orizzontale, verticale e obliquo. Io ero dietro di lui allo stadio, dice a Calhanoglu a 4, trasforma la difesa a 3 a 4, con Calhanoglu centrale di sinistra. <\/p>\n<p>La miglior pressione d&#8217;Italia, quella del Como, va fuori tempo: in ritardo prima su Barella, poi su Lautaro che guarda prima come i giocatori di un altro livello e serve Luis Henrique che va in corsa verticale e chi torna in mezzo? Lautaro \u00e8 rispuntato e fa gol. Questo \u00e8 calcio di massimo livello. Sembra che la costruzione dal basso serva, se sai utilizzare i tempi, se sai mandare a vuoto le pressioni, se sai gestire la palla e attaccare il lato debole. Questo \u00e8 un calcio da massimo livello, non c&#8217;\u00e8 stato un errore nella costruzione, nella pressione nei tempi, nella qualit\u00e0 tecnica ma soprattutto nella voglia di vincere.\u00a0<\/p>\n<p class=\"is-copyright\">\u00a9 RIPRODUZIONE RISERVATA<\/p>\n","protected":false},"excerpt":{"rendered":"Durante La Nuova Ds, l&#8217;ex difensore ora opinionista Lele Adani ha parlato della vittoria dell&#8217;Inter contro il Como&hellip;\n","protected":false},"author":3,"featured_media":251040,"comment_status":"","ping_status":"","sticky":false,"template":"","format":"standard","meta":{"footnotes":""},"categories":[1452],"tags":[53691,69611,147913,721,147914,147915,3705,1740,350,145186,1537,90,89,6110,1290,10360,7907,1739,245,244],"class_list":{"0":"post-251039","1":"post","2":"type-post","3":"status-publish","4":"format-standard","5":"has-post-thumbnail","7":"category-calcio","8":"tag-adani","9":"tag-adani-parlato","10":"tag-adani-parlato-vittoria","11":"tag-calcio","12":"tag-calcio-massimo","13":"tag-calcio-massimo-livello","14":"tag-como","15":"tag-football","16":"tag-inter","17":"tag-inter-como","18":"tag-it","19":"tag-italia","20":"tag-italy","21":"tag-livello","22":"tag-partita","23":"tag-pressione","24":"tag-sai","25":"tag-soccer","26":"tag-sport","27":"tag-sports"},"share_on_mastodon":{"url":"https:\/\/pubeurope.com\/@it\/115683447618706249","error":""},"_links":{"self":[{"href":"https:\/\/www.europesays.com\/it\/wp-json\/wp\/v2\/posts\/251039","targetHints":{"allow":["GET"]}}],"collection":[{"href":"https:\/\/www.europesays.com\/it\/wp-json\/wp\/v2\/posts"}],"about":[{"href":"https:\/\/www.europesays.com\/it\/wp-json\/wp\/v2\/types\/post"}],"author":[{"embeddable":true,"href":"https:\/\/www.europesays.com\/it\/wp-json\/wp\/v2\/users\/3"}],"replies":[{"embeddable":true,"href":"https:\/\/www.europesays.com\/it\/wp-json\/wp\/v2\/comments?post=251039"}],"version-history":[{"count":0,"href":"https:\/\/www.europesays.com\/it\/wp-json\/wp\/v2\/posts\/251039\/revisions"}],"wp:featuredmedia":[{"embeddable":true,"href":"https:\/\/www.europesays.com\/it\/wp-json\/wp\/v2\/media\/251040"}],"wp:attachment":[{"href":"https:\/\/www.europesays.com\/it\/wp-json\/wp\/v2\/media?parent=251039"}],"wp:term":[{"taxonomy":"category","embeddable":true,"href":"https:\/\/www.europesays.com\/it\/wp-json\/wp\/v2\/categories?post=251039"},{"taxonomy":"post_tag","embeddable":true,"href":"https:\/\/www.europesays.com\/it\/wp-json\/wp\/v2\/tags?post=251039"}],"curies":[{"name":"wp","href":"https:\/\/api.w.org\/{rel}","templated":true}]}}