{"id":251288,"date":"2025-12-08T13:57:13","date_gmt":"2025-12-08T13:57:13","guid":{"rendered":"https:\/\/www.europesays.com\/it\/251288\/"},"modified":"2025-12-08T13:57:13","modified_gmt":"2025-12-08T13:57:13","slug":"mio-figlio-mi-ha-denunciata-non-mi-sento-piu-mamma-sono-guarita-da-quando-e-andato-via-di-casa","status":"publish","type":"post","link":"https:\/\/www.europesays.com\/it\/251288\/","title":{"rendered":"\u00abMio figlio mi ha denunciata. Non mi sento pi\u00f9 mamma, sono guarita da quando \u00e8 andato via di casa\u00bb"},"content":{"rendered":"<p>                L&#8217;appello al figlio  <\/p>\n<p><img decoding=\"async\" alt=\"\" src=\"https:\/\/www.europesays.com\/it\/wp-content\/uploads\/2025\/12\/corinne clery_isola_19170300.jpg\"\/><\/p>\n<p>Durante la sua esperienza a &#8220;L&#8217;isola dei famosi&#8221;, l&#8217;attrice \u00e8 per\u00f2 tornata a parlare del rapporto con il <a href=\"https:\/\/www.ilmessaggero.it\/t\/figlio\" rel=\"nofollow noopener\" target=\"_blank\">figlio<\/a>, esprimendo il desiderio di riallacciare i rapporti: \u00abDa quando sono qua io penso a mio figlio sempre. I percorsi non sono sempre facili, con gli anni mio figlio ed io ci siamo allontanati. Un giorno abbiamo avuto una grande litigata, ma ce n\u2019erano state altre, e ognuno \u00e8 andato per conto suo. Non ci vediamo, non ci parliamo, \u00e8 il pi\u00f9 grande dolore della mia vita\u00bb. Ma dall&#8217;Honduras l&#8217;attrice lancia anche un appello ad Alexander: \u00abSono sei anni che me lo tengo dentro e non mi do pace perch\u00e9 \u00e8 stato la mia vita. Mi piacerebbe avere un dialogo che non c\u2019\u00e8, forse magari un giorno decider\u00e0 di battere alla mia porta\u00bb.<\/p>\n","protected":false},"excerpt":{"rendered":"L&#8217;appello al figlio Durante la sua esperienza a &#8220;L&#8217;isola dei famosi&#8221;, l&#8217;attrice \u00e8 per\u00f2 tornata a parlare del&hellip;\n","protected":false},"author":3,"featured_media":248799,"comment_status":"","ping_status":"","sticky":false,"template":"","format":"standard","meta":{"footnotes":""},"categories":[1451],"tags":[25475,1621,1620,25478,203,2716,204,1537,90,89,22838,22839],"class_list":{"0":"post-251288","1":"post","2":"type-post","3":"status-publish","4":"format-standard","5":"has-post-thumbnail","7":"category-celebrita","8":"tag-alexandre-wayaffe","9":"tag-celebrita","10":"tag-celebrities","11":"tag-corinne-clery","12":"tag-entertainment","13":"tag-figlio","14":"tag-intrattenimento","15":"tag-it","16":"tag-italia","17":"tag-italy","18":"tag-silvia-toffanin","19":"tag-verissimo"},"share_on_mastodon":{"url":"https:\/\/pubeurope.com\/@it\/115684301572134068","error":""},"_links":{"self":[{"href":"https:\/\/www.europesays.com\/it\/wp-json\/wp\/v2\/posts\/251288","targetHints":{"allow":["GET"]}}],"collection":[{"href":"https:\/\/www.europesays.com\/it\/wp-json\/wp\/v2\/posts"}],"about":[{"href":"https:\/\/www.europesays.com\/it\/wp-json\/wp\/v2\/types\/post"}],"author":[{"embeddable":true,"href":"https:\/\/www.europesays.com\/it\/wp-json\/wp\/v2\/users\/3"}],"replies":[{"embeddable":true,"href":"https:\/\/www.europesays.com\/it\/wp-json\/wp\/v2\/comments?post=251288"}],"version-history":[{"count":0,"href":"https:\/\/www.europesays.com\/it\/wp-json\/wp\/v2\/posts\/251288\/revisions"}],"wp:featuredmedia":[{"embeddable":true,"href":"https:\/\/www.europesays.com\/it\/wp-json\/wp\/v2\/media\/248799"}],"wp:attachment":[{"href":"https:\/\/www.europesays.com\/it\/wp-json\/wp\/v2\/media?parent=251288"}],"wp:term":[{"taxonomy":"category","embeddable":true,"href":"https:\/\/www.europesays.com\/it\/wp-json\/wp\/v2\/categories?post=251288"},{"taxonomy":"post_tag","embeddable":true,"href":"https:\/\/www.europesays.com\/it\/wp-json\/wp\/v2\/tags?post=251288"}],"curies":[{"name":"wp","href":"https:\/\/api.w.org\/{rel}","templated":true}]}}