{"id":251630,"date":"2025-12-08T18:58:13","date_gmt":"2025-12-08T18:58:13","guid":{"rendered":"https:\/\/www.europesays.com\/it\/251630\/"},"modified":"2025-12-08T18:58:13","modified_gmt":"2025-12-08T18:58:13","slug":"paolini-su-sinner-a-che-tempo-che-fa","status":"publish","type":"post","link":"https:\/\/www.europesays.com\/it\/251630\/","title":{"rendered":"Paolini su Sinner a Che tempo che fa"},"content":{"rendered":"<p>\n                              <strong>OSPITE DI FABIO FAZIO<\/strong> a Che tempo che fa il 7 dicembre,<strong> Jasmine Paolini<\/strong> ha risposto cos\u00ec alla domanda sulla sfida Sinner \/ Alcaraz: \u00ab<strong>A me fa impazzire quando Jannik colpisce la palla fortissimo<\/strong>. \u00c8 una sensazione che mi piace tanto e che mi piace anche su di me quando riesco a colpire forte. Quindi quella cosa di Jannik a me fa impazzire, per\u00f2 <strong>ovviamente anche Alcaraz ha un tennis che ti lascia a volte a bocca aperta<\/strong>. Quindi tutti e due secondo me sono incredibili\u00bb.<br \/>Alla stessa domanda, Sara Errani ha risposto: \u00abA me piacciono entrambi \u2026 \u00e8 duro da scegliere\u00bb. Sul futuro di Errani nel team suo team, Paolini ha risposto: \u00abIo avr\u00f2 due persone, Danilo Pizzorno che sar\u00e0 il mio allenatore e<strong> lei (Sara Errani ndr) che far\u00e0 pi\u00f9 la parte tattica di partita<\/strong>. Perch\u00e9 <strong>lei tatticamente \u00e8 another level<\/strong>\u00bb.<br \/>Infine, sulla <a href=\"https:\/\/style.corriere.it\/attualita\/sport\/wimbledon-alcaraz-djokovic-paolini-sinner-musetti-tennis\/\" rel=\"nofollow noopener\" target=\"_blank\">vittoria alle Olimpiadi<\/a> (prima tennista italiana, a Parigi 2024), la campionessa toscana ha risposto cos\u00ec: \u00abPrima di vincere, le Olimpiadi non ce le avevo molto in testa. \u00c8 brutto da dire, ma per il tennis <strong>le Olimpiadi, essendo ogni 4 anni e mentre ogni anno ci sono gli Slam, un pochino secondo me sono messe da parte.<\/strong> Quando lei (Sara Errani, ndr) mi ha chiesto di fare il doppio per provare a qualificarci per le Olimpiadi\u2026 le ho detto \u201cva bene\u201d. Abbiamo iniziato a giocare e vedevo che giocavamo bene. Prima \u201cio e il doppio\u201d non eravamo tanto amici. Una volta ho litigato con il mio ex allenatore Renzo e <strong>gli ho detto che non volevo pi\u00f9 giocare il doppio<\/strong>\u2026 E invece alla fine mi ha regalato momenti incredibili. Quando abbiamo vinto la medaglia, in quel momento mi sono resa conto del <strong>valore che hanno le medaglie olimpiche che \u00e8 una roba totalmente diversa<\/strong>. Coinvolge molte pi\u00f9 persone di quel Paese e me ne sono resa conto per\u00f2 dopo\u00bb.\n                          <\/p>\n","protected":false},"excerpt":{"rendered":"OSPITE DI FABIO FAZIO a Che tempo che fa il 7 dicembre, Jasmine Paolini ha risposto cos\u00ec alla&hellip;\n","protected":false},"author":3,"featured_media":251631,"comment_status":"","ping_status":"","sticky":false,"template":"","format":"standard","meta":{"footnotes":"","_share_on_mastodon":"0"},"categories":[1444],"tags":[1265,1960,3199,148111,148112,2944,1906,203,37417,123894,31098,204,1537,90,89,19629,13617,5917,3171,148113,19630,24726,366,3339,253],"class_list":["post-251630","post","type-post","status-publish","format-standard","has-post-thumbnail","category-tv","tag-alcaraz","tag-allenatore","tag-colpisce","tag-colpisce-palla","tag-colpisce-palla-fortissimo","tag-conto","tag-doppio","tag-entertainment","tag-errani","tag-fortissimo","tag-impazzire","tag-intrattenimento","tag-it","tag-italia","tag-italy","tag-jasmine","tag-jasmine-paolini","tag-olimpiadi","tag-palla","tag-palla-fortissimo","tag-paolini","tag-risposto","tag-sinner","tag-team","tag-tv"],"share_on_mastodon":{"url":"https:\/\/pubeurope.com\/@it\/115685484557330211","error":""},"_links":{"self":[{"href":"https:\/\/www.europesays.com\/it\/wp-json\/wp\/v2\/posts\/251630","targetHints":{"allow":["GET"]}}],"collection":[{"href":"https:\/\/www.europesays.com\/it\/wp-json\/wp\/v2\/posts"}],"about":[{"href":"https:\/\/www.europesays.com\/it\/wp-json\/wp\/v2\/types\/post"}],"author":[{"embeddable":true,"href":"https:\/\/www.europesays.com\/it\/wp-json\/wp\/v2\/users\/3"}],"replies":[{"embeddable":true,"href":"https:\/\/www.europesays.com\/it\/wp-json\/wp\/v2\/comments?post=251630"}],"version-history":[{"count":0,"href":"https:\/\/www.europesays.com\/it\/wp-json\/wp\/v2\/posts\/251630\/revisions"}],"wp:featuredmedia":[{"embeddable":true,"href":"https:\/\/www.europesays.com\/it\/wp-json\/wp\/v2\/media\/251631"}],"wp:attachment":[{"href":"https:\/\/www.europesays.com\/it\/wp-json\/wp\/v2\/media?parent=251630"}],"wp:term":[{"taxonomy":"category","embeddable":true,"href":"https:\/\/www.europesays.com\/it\/wp-json\/wp\/v2\/categories?post=251630"},{"taxonomy":"post_tag","embeddable":true,"href":"https:\/\/www.europesays.com\/it\/wp-json\/wp\/v2\/tags?post=251630"}],"curies":[{"name":"wp","href":"https:\/\/api.w.org\/{rel}","templated":true}]}}