{"id":252635,"date":"2025-12-09T11:22:12","date_gmt":"2025-12-09T11:22:12","guid":{"rendered":"https:\/\/www.europesays.com\/it\/252635\/"},"modified":"2025-12-09T11:22:12","modified_gmt":"2025-12-09T11:22:12","slug":"nel-2026-microsoft-intende-festeggiare-alla-grande-i-25-anni-di-xbox","status":"publish","type":"post","link":"https:\/\/www.europesays.com\/it\/252635\/","title":{"rendered":"Nel 2026, Microsoft intende festeggiare alla grande i 25 anni di Xbox"},"content":{"rendered":"<p>Jason Ronald il progettista capo di <strong>Xbox<\/strong>, ha anticipato l&#8217;arrivo di <strong>grandi novit\u00e0 per il 2026<\/strong>, anno in cui l&#8217;ecosistema di Microsft compir\u00e0 <strong>25 anni<\/strong>. &#8220;Il prossimo anno, vogliamo celebrare la grande eredit\u00e0 di Xbox&#8221;, ha dichiarato in un video della BBC in cui veniva mostrata la console portatile Xbox Ally X, l&#8217;ultimo membro della famiglia Xbox, che ormai comprende dispositivi di ogni sorta, almeno <a href=\"https:\/\/multiplayer.it\/notizie\/mike-ybarra-critica-la-campagna-questa-e-una-xbox-solo-un-idiota-produrrebbe-console-senza-esclusive.html\" title=\"Mike Ybarra critica la campagna Questa \u00e8 una Xbox: \u201csolo un idiota\u201d produrrebbe console senza esclusive\" rel=\"nofollow noopener\" target=\"_blank\">da un punto di vista filosofico<\/a>.<\/p>\n<p>  Il futuro di Xbox<\/p>\n<p>Come detto, il video in s\u00e9 mostra soprattutto <strong>Xbox Ally X<\/strong> alle prese con i giochi, in particolare quelli <strong>Windows<\/strong>. La parte pi\u00f9 interessante, se si conosce gi\u00e0 l&#8217;hardware, \u00e8 proprio l&#8217;intervista a Ronald, che ha affermato: &#8220;Pensiamo sempre a quale sar\u00e0 il futuro del gaming e ai nuovi modi in cui le persone possono giocare,&#8221; spiegando poi che \u00e8 il mercato attuale a validare l&#8217;idea di avere una console portatile Xbox.<\/p>\n<p>\nA una domanda sull&#8217;ampliamento della retrocompatibilit\u00e0, Ronald ha risposto in modo ambiguo, aprendo le porte alla speranza: &#8220;Non posso annunciare nulla oggi, ma nel 2026 sar\u00e0 il 25\u00b0 anniversario di Xbox e vogliamo celebrare la grande eredit\u00e0 e la storia che abbiamo con Xbox, oltre a definire il futuro verso cui si sta dirigendo l&#8217;ecosistema Xbox.&#8221;<\/p>\n<p>\t\t<a class=\"font-weight-bold\" href=\"https:\/\/multiplayer.it\/notizie\/ps5-ha-dominato-black-friday-2025-negli-usa-xbox-superata-da-una-console-per-famiglie.html\" title=\"PS5 ha dominato il Black Friday negli USA, Xbox superata da una console per famiglie\" rel=\"nofollow noopener\" target=\"_blank\"><br \/>\n      PS5 ha dominato il Black Friday negli USA, Xbox superata da una console per famiglie<\/p>\n<p>        <img decoding=\"async\" alt=\"PS5 ha dominato il Black Friday negli USA, Xbox superata da una console per famiglie\" class=\"lazyload\" src=\"https:\/\/www.europesays.com\/it\/wp-content\/uploads\/2025\/09\/ps5-slim_jpg_200x150_crop_q85.jpg\"\/><\/p>\n<p>    <\/a><\/p>\n<p>Ha poi aggiunto: &#8220;Non posso confermare n\u00e9 smentire quello che mi stai chiedendo, ma restate sintonizzati. <strong>Abbiamo molte cose entusiasmanti da condividere<\/strong> il prossimo anno.&#8221;<\/p>\n<p>Chiaramente non c&#8217;\u00e8 niente di sicuro, ma l&#8217;idea \u00e8 che possa arrivare finalmente la notizia dell&#8217;ampliamento della retrocompatibilit\u00e0 dei giochi Xbox anche a Windows, che sarebbe la quadratura del cerchio delle voci degli scorsi mesi, <a href=\"https:\/\/multiplayer.it\/notizie\/lxbox-di-prossima-generazione-sarebbe-un-ibrido-consolepc-con-multiplayer-online-gratis-per-un-report.html\" title=\"L&#039;Xbox di prossima generazione sarebbe un ibrido console\/PC con multiplayer online gratis, per un report\" rel=\"nofollow noopener\" target=\"_blank\">che vogliono la prossima Xbox essere sostanzialmente un ibrido con un PC<\/a>.<\/p>\n","protected":false},"excerpt":{"rendered":"Jason Ronald il progettista capo di Xbox, ha anticipato l&#8217;arrivo di grandi novit\u00e0 per il 2026, anno in&hellip;\n","protected":false},"author":3,"featured_media":252636,"comment_status":"","ping_status":"","sticky":false,"template":"","format":"standard","meta":{"footnotes":""},"categories":[173],"tags":[1537,90,89,195,198,199,197,200,201,194,196],"class_list":{"0":"post-252635","1":"post","2":"type-post","3":"status-publish","4":"format-standard","5":"has-post-thumbnail","7":"category-scienza-e-tecnologia","8":"tag-it","9":"tag-italia","10":"tag-italy","11":"tag-science","12":"tag-science-and-technology","13":"tag-scienceandtechnology","14":"tag-scienza","15":"tag-scienza-e-tecnologia","16":"tag-scienzaetecnologia","17":"tag-technology","18":"tag-tecnologia"},"share_on_mastodon":{"url":"https:\/\/pubeurope.com\/@it\/115689354321731124","error":""},"_links":{"self":[{"href":"https:\/\/www.europesays.com\/it\/wp-json\/wp\/v2\/posts\/252635","targetHints":{"allow":["GET"]}}],"collection":[{"href":"https:\/\/www.europesays.com\/it\/wp-json\/wp\/v2\/posts"}],"about":[{"href":"https:\/\/www.europesays.com\/it\/wp-json\/wp\/v2\/types\/post"}],"author":[{"embeddable":true,"href":"https:\/\/www.europesays.com\/it\/wp-json\/wp\/v2\/users\/3"}],"replies":[{"embeddable":true,"href":"https:\/\/www.europesays.com\/it\/wp-json\/wp\/v2\/comments?post=252635"}],"version-history":[{"count":0,"href":"https:\/\/www.europesays.com\/it\/wp-json\/wp\/v2\/posts\/252635\/revisions"}],"wp:featuredmedia":[{"embeddable":true,"href":"https:\/\/www.europesays.com\/it\/wp-json\/wp\/v2\/media\/252636"}],"wp:attachment":[{"href":"https:\/\/www.europesays.com\/it\/wp-json\/wp\/v2\/media?parent=252635"}],"wp:term":[{"taxonomy":"category","embeddable":true,"href":"https:\/\/www.europesays.com\/it\/wp-json\/wp\/v2\/categories?post=252635"},{"taxonomy":"post_tag","embeddable":true,"href":"https:\/\/www.europesays.com\/it\/wp-json\/wp\/v2\/tags?post=252635"}],"curies":[{"name":"wp","href":"https:\/\/api.w.org\/{rel}","templated":true}]}}