{"id":252711,"date":"2025-12-09T12:33:11","date_gmt":"2025-12-09T12:33:11","guid":{"rendered":"https:\/\/www.europesays.com\/it\/252711\/"},"modified":"2025-12-09T12:33:11","modified_gmt":"2025-12-09T12:33:11","slug":"radio-pensieri-pruzzo-i-terzini-di-genoa-e-cagliari-sono-piu-forti-dei-nostri","status":"publish","type":"post","link":"https:\/\/www.europesays.com\/it\/252711\/","title":{"rendered":"\u2018RADIO PENSIERI\u2019, PRUZZO: \u201cI terzini di Genoa e Cagliari sono pi\u00f9 forti dei nostri\u201d"},"content":{"rendered":"<p>Le parole di giornalisti ed ex calciatori sulla Roma<\/p>\n<p>Quello delle radio romane \u00e8 un fenomeno che non ha eguali nel resto d&#8217;Italia. Una pluralit\u00e0 di stazioni che fungono da piattaforma, una schiera di giornalisti, ex calciatori e opinionisti ad animare lo spettacolo. Ecco le opinioni dei protagonisti delle emittenti radiofoniche:<\/p>\n<p><strong>Nando Orsi<\/strong> (Radio Radio Mattino &#8211; 104,5): \u201cLa rosa della Roma pu\u00f2 competere magari per lo scudetto e comunque sta competendo. Ma doveva gestirla meglio a Cagliari, il gioco di Gasperini non si \u00e8 visto per niente mentre prima si stava intravedendo. Il Cagliari ha fatto come voleva, la Roma \u00e8 stata passiva ed \u00e8 questa la cosa preoccupante. Pi\u00f9 che l\u2019attaccante. Incontra il Como che ha perso 4-0 e la Juve che \u00e8 in questa situazione. Sono partite importanti, ma non insormontabili&#8221;.<\/p>\n<p><strong>Roberto Pruzzo<\/strong> (Radio Radio Mattino &#8211; 104,5): \u201cLa formazione di Cagliari si vede che non pu\u00f2 tenere a questi ritmi. Il Cagliari vinceva i duelli, recuperava palla, col calo di giocatori come Ndicka, Cristante e Kon\u00e9 il quadro si fa chiaro. Se vedete Palestra e Norton-Cuffy, ci sono terzini superiori nelle squadre che lottano per la salvezza rispetto a quelli della Roma che lotta per la Champions. Non ci sono riferimenti in avanti, non c\u2019\u00e8 verso di vedere la squadra recuperare quando va sotto. Queste prossime partite possono dire tanto per il campionato. Il Cagliari ti buttava palla in area, non ti permetteva di recuperare palla alta. I difensori della Roma non sono velocissimi e hanno avuto difficolt\u00e0&#8221;.<\/p>\n<p class=\"is-copyright\">\u00a9 RIPRODUZIONE RISERVATA<\/p>\n","protected":false},"excerpt":{"rendered":"Le parole di giornalisti ed ex calciatori sulla Roma Quello delle radio romane \u00e8 un fenomeno che non&hellip;\n","protected":false},"author":3,"featured_media":252712,"comment_status":"","ping_status":"","sticky":false,"template":"","format":"standard","meta":{"footnotes":""},"categories":[1452],"tags":[7554,6300,1952,721,1740,807,37134,1537,90,89,7024,3171,4283,79915,4061,37129,37130,37131,2174,987,1739,245,244,86540],"class_list":{"0":"post-252711","1":"post","2":"type-post","3":"status-publish","4":"format-standard","5":"has-post-thumbnail","7":"category-calcio","8":"tag-alta","9":"tag-cagliari","10":"tag-calciatori","11":"tag-calcio","12":"tag-football","13":"tag-giornalisti","14":"tag-giornalisti-calciatori","15":"tag-it","16":"tag-italia","17":"tag-italy","18":"tag-mattino","19":"tag-palla","20":"tag-partite","21":"tag-pruzzo","22":"tag-radio","23":"tag-radio-mattino","24":"tag-radio-radio","25":"tag-radio-radio-mattino","26":"tag-recuperare","27":"tag-roma","28":"tag-soccer","29":"tag-sport","30":"tag-sports","31":"tag-terzini"},"share_on_mastodon":{"url":"https:\/\/pubeurope.com\/@it\/115689632857811966","error":""},"_links":{"self":[{"href":"https:\/\/www.europesays.com\/it\/wp-json\/wp\/v2\/posts\/252711","targetHints":{"allow":["GET"]}}],"collection":[{"href":"https:\/\/www.europesays.com\/it\/wp-json\/wp\/v2\/posts"}],"about":[{"href":"https:\/\/www.europesays.com\/it\/wp-json\/wp\/v2\/types\/post"}],"author":[{"embeddable":true,"href":"https:\/\/www.europesays.com\/it\/wp-json\/wp\/v2\/users\/3"}],"replies":[{"embeddable":true,"href":"https:\/\/www.europesays.com\/it\/wp-json\/wp\/v2\/comments?post=252711"}],"version-history":[{"count":0,"href":"https:\/\/www.europesays.com\/it\/wp-json\/wp\/v2\/posts\/252711\/revisions"}],"wp:featuredmedia":[{"embeddable":true,"href":"https:\/\/www.europesays.com\/it\/wp-json\/wp\/v2\/media\/252712"}],"wp:attachment":[{"href":"https:\/\/www.europesays.com\/it\/wp-json\/wp\/v2\/media?parent=252711"}],"wp:term":[{"taxonomy":"category","embeddable":true,"href":"https:\/\/www.europesays.com\/it\/wp-json\/wp\/v2\/categories?post=252711"},{"taxonomy":"post_tag","embeddable":true,"href":"https:\/\/www.europesays.com\/it\/wp-json\/wp\/v2\/tags?post=252711"}],"curies":[{"name":"wp","href":"https:\/\/api.w.org\/{rel}","templated":true}]}}