{"id":252975,"date":"2025-12-09T16:18:17","date_gmt":"2025-12-09T16:18:17","guid":{"rendered":"https:\/\/www.europesays.com\/it\/252975\/"},"modified":"2025-12-09T16:18:17","modified_gmt":"2025-12-09T16:18:17","slug":"helmut-marko-via-da-red-bull-ora-la-separazione-e-ufficiale","status":"publish","type":"post","link":"https:\/\/www.europesays.com\/it\/252975\/","title":{"rendered":"Helmut Marko via da Red Bull: ora la separazione \u00e8 ufficiale"},"content":{"rendered":"<p>\u00c8 tempo di grandi cambiamenti in Red Bull. Sei mesi fa il brusco licenziamento di Christian Horner, ora la conclusione anticipata del rapporto con Helmut Marko. Furono loro alla fine del 2004 a posare la prima pietra di quella che sarebbe stata la Red Bull Racing, ma nel caso di Marko la storia era iniziata molto prima. La carriera da pilota ebbe fine in modo drammatico il 2 luglio 1972 sul circuito di Clermont-Ferrand, all&#8217;ottavo giro del Gran Premio di Francia un sasso sollevato dalla March di Ronnie Peterson perfor\u00f2 la visiera del casco danneggiando irrimediabilmente l&#8217;occhio sinistro.<\/p>\n<p>Inizi\u00f2 una carriera da manager, e tra i piloti seguiti da Marko c\u2019era il connazionale Gerhard Berger. Marko entr\u00f2 in contatto con la Red Bull e con il suo proprietario Dietrich Mateschitz, proponendogli di supportare la carriera del pilota austriaco. Nacque un rapporto che prosegu\u00ec con un ruolo di consulente, inizialmente per decidere quali team supportare. Red Bull divent\u00f2 uno sponsor in pianta stabile della Sauber a partire dal 1995, ma nel 2001 i rapporti con la squadra svizzera si incrinarono a causa della scelta di Peter Sauber di preferire l\u2019esordiente Kimi Raikkonen ad Enrique Bernoldi, protetto di Marko.<\/p>\n<p>Fu in questa fase che Marko inizi\u00f2 a valutare l\u2019idea di acquistare un team di Formula 1. Mateschitz approv\u00f2 il progetto e nel 2004 fu finalizzata la cessione della Jaguar al gruppo austriaco. Negli anni successivi Marko \u00e8 stato concentrato soprattutto sulla gestione dei piloti, il programma Red Bull Junior Team si \u00e8 subito confermato molto aggressivo nelle sue scelte (arrivando ad avere nel 2006 e 2007 ben 20 giovani nelle formule propedeutiche) e nella gestione. Il \u2018metodo Marko\u2019 \u00e8 diventato popolare, chance offerte nel giro di un weekend e licenziamenti in tronco con una telefonata.<\/p>\n<p>   <img decoding=\"async\" draggable=\"false\" src=\"https:\/\/www.europesays.com\/it\/wp-content\/uploads\/2025\/12\/pierre-wache-chief-engineer-of.jpg\" alt=\"Pierre Wache, Chief Engineer of Performance Engineering at Red Bull Racing,Laurent Mekies, Red Bull Racing Team Team Principal,Helmut Marko\" width=\"1200\" height=\"800\" loading=\"lazy\"\/> <\/p>\n<p class=\"title\">Pierre Wache, Chief Engineer of Performance Engineering at Red Bull Racing,Laurent Mekies, Red Bull Racing Team Team Principal,Helmut Marko<\/p>\n<p class=\"photographer\">Foto di: Erik Junius<\/p>\n<p>Per dare supporto al programma Marko era riuscito a convincere Mateschitz ad acquisire una seconda squadra (la Minardi, ribattezzata Toro Rosso) da dedicare alla crescita dei migliori giovani provenienti dal programma junior. Da Faenza sono transitati pi\u00f9 di venti piloti, con le punte di diamante in Sebastian Vettel, Daniel Ricciardo e Max Verstappen. Il rapporto con l\u2019olandese \u00e8 stato il pi\u00f9 intenso, e Marko in pi\u00f9 occasioni aveva sottolineato di voler seguire Max fino alla fine del 2026. Poi, nelle ultime settimane, i primi rumors di qualche crepa apertasi con la gestione di Oliver Mintzlaff, il nuovo responsabile dei programmi sportivi della Red Bull dopo la scomparsa di Mateschitz.<\/p>\n<p>\u201cHo vissuto nel motorsport per sei decenni \u2013 ha commentato Marko &#8211; e gli ultimi 20 anni alla Red Bull sono stati un percorso straordinario e di grande successo. \u00c8 stato un periodo meraviglioso nel quale ho contribuito a formare e a supportare tante persone di talento. Tutto ci\u00f2 che abbiamo costruito e realizzato insieme mi riempie di orgoglio. Aver mancato di poco il campionato del mondo in questa stagione mi ha profondamente commosso, e ho capito che \u00e8 arrivato il momento giusto per concludere questo capitolo lunghissimo, intenso e di grande successo\u201d.<\/p>\n<p>\u201cHelmut mi ha contattato chiedendomi di concludere il suo ruolo di consulente per il motorsport alla fine dell&#8217;anno \u2013 sono state le parole di Mintzlaff &#8211; mi rammarico profondamente della sua decisione, poich\u00e9 \u00e8 stato una figura influente per oltre due decenni e la sua partenza segna la fine di un&#8217;era straordinaria. Dopo una lunga e intensa conversazione, non potevo che rispettare la sua volont\u00e0, e ho avuto l&#8217;impressione che fosse il momento giusto per lui per fare questo passo. La sua partenza lascer\u00e0 un vuoto significativo, e il nostro rispetto per la sua decisione e la nostra gratitudine per tutto ci\u00f2 che ha fatto per la Red Bull Racing \u00e8 enorme\u201d.<\/p>\n<p>Leggi anche:<\/p>\n<p>            Vogliamo la vostra opinione!<\/p>\n<p class=\"mt-auto\">Cosa vorresti vedere su Motorsport.com?<\/p>\n<p>            <a href=\"#\" class=\"ms-link text-link font-bold\">Partecipate al nostro sondaggio di 5 minuti.<\/a><\/p>\n<p class=\"mt-1 text-body\">&#8211; Il team di Motorsport.com<\/p>\n","protected":false},"excerpt":{"rendered":"\u00c8 tempo di grandi cambiamenti in Red Bull. Sei mesi fa il brusco licenziamento di Christian Horner, ora&hellip;\n","protected":false},"author":3,"featured_media":252976,"comment_status":"","ping_status":"","sticky":false,"template":"","format":"standard","meta":{"footnotes":""},"categories":[176],"tags":[148741,683,1537,90,89,3006,245,244],"class_list":{"0":"post-252975","1":"post","2":"type-post","3":"status-publish","4":"format-standard","5":"has-post-thumbnail","7":"category-sport","8":"tag-f1-helmut-marko-via-da-red-bull-ora-la-separazione-u00e8-ufficiale","9":"tag-formula-1","10":"tag-it","11":"tag-italia","12":"tag-italy","13":"tag-red-bull-racing","14":"tag-sport","15":"tag-sports"},"share_on_mastodon":{"url":"https:\/\/pubeurope.com\/@it\/115690518223734597","error":""},"_links":{"self":[{"href":"https:\/\/www.europesays.com\/it\/wp-json\/wp\/v2\/posts\/252975","targetHints":{"allow":["GET"]}}],"collection":[{"href":"https:\/\/www.europesays.com\/it\/wp-json\/wp\/v2\/posts"}],"about":[{"href":"https:\/\/www.europesays.com\/it\/wp-json\/wp\/v2\/types\/post"}],"author":[{"embeddable":true,"href":"https:\/\/www.europesays.com\/it\/wp-json\/wp\/v2\/users\/3"}],"replies":[{"embeddable":true,"href":"https:\/\/www.europesays.com\/it\/wp-json\/wp\/v2\/comments?post=252975"}],"version-history":[{"count":0,"href":"https:\/\/www.europesays.com\/it\/wp-json\/wp\/v2\/posts\/252975\/revisions"}],"wp:featuredmedia":[{"embeddable":true,"href":"https:\/\/www.europesays.com\/it\/wp-json\/wp\/v2\/media\/252976"}],"wp:attachment":[{"href":"https:\/\/www.europesays.com\/it\/wp-json\/wp\/v2\/media?parent=252975"}],"wp:term":[{"taxonomy":"category","embeddable":true,"href":"https:\/\/www.europesays.com\/it\/wp-json\/wp\/v2\/categories?post=252975"},{"taxonomy":"post_tag","embeddable":true,"href":"https:\/\/www.europesays.com\/it\/wp-json\/wp\/v2\/tags?post=252975"}],"curies":[{"name":"wp","href":"https:\/\/api.w.org\/{rel}","templated":true}]}}