{"id":253390,"date":"2025-12-09T22:49:11","date_gmt":"2025-12-09T22:49:11","guid":{"rendered":"https:\/\/www.europesays.com\/it\/253390\/"},"modified":"2025-12-09T22:49:11","modified_gmt":"2025-12-09T22:49:11","slug":"inter-calhanoglu-ko-dopo-10-contro-il-liverpool-cosa-e-successo-e-come-sta-poi-si-fa-male-anche-acerbi","status":"publish","type":"post","link":"https:\/\/www.europesays.com\/it\/253390\/","title":{"rendered":"Inter, Calhanoglu ko dopo 10&#8242; contro il Liverpool: cosa \u00e8 successo e come sta. Poi si fa male anche Acerbi"},"content":{"rendered":"<p>Il turco \u00e8 uscito sulle proprie gambe ma i nerazzurri sono in ansia. Poco pi\u00f9 tardi, va ko anche il difensore<\/p>\n<p>Hakan <strong>Calhanoglu <\/strong>ha dovuto <strong>abbandonare il terreno di gioco dopo appena dieci minuti<\/strong> dall&#8217;inizio della gara di Champions League contro il Liverpool a San Siro. Al suo posto \u00e8 entrato <strong>Zielinski<\/strong>, ansia Inter per le sue condizioni in vista della gara di campionato del weekend e poi della Supercoppa Italiana in Arabia.\u00a0<\/p>\n","protected":false},"excerpt":{"rendered":"Il turco \u00e8 uscito sulle proprie gambe ma i nerazzurri sono in ansia. Poco pi\u00f9 tardi, va ko&hellip;\n","protected":false},"author":3,"featured_media":253391,"comment_status":"","ping_status":"","sticky":false,"template":"","format":"standard","meta":{"footnotes":"","_share_on_mastodon":"0"},"categories":[6],"tags":[1970,14,11433,8,350,148985,1537,90,89,7,15,82,9,83,10,13,11,80,84,12,81,85],"class_list":["post-253390","post","type-post","status-publish","format-standard","has-post-thumbnail","category-ultime-notizie","tag-champions-league","tag-cronaca","tag-h-calhanoglu","tag-headlines","tag-inter","tag-inter-vs-liverpool","tag-it","tag-italia","tag-italy","tag-news","tag-notizie","tag-notizie-di-cronaca","tag-notizie-principali","tag-notiziedicronaca","tag-notizieprincipali","tag-titoli","tag-ultime-notizie","tag-ultime-notizie-di-cronaca","tag-ultime-notizie-e-news-di-oggi","tag-ultimenotizie","tag-ultimenotiziedicronaca","tag-ultimenotizieenewsdioggi"],"share_on_mastodon":{"url":"https:\/\/pubeurope.com\/@it\/115692054981402614","error":""},"_links":{"self":[{"href":"https:\/\/www.europesays.com\/it\/wp-json\/wp\/v2\/posts\/253390","targetHints":{"allow":["GET"]}}],"collection":[{"href":"https:\/\/www.europesays.com\/it\/wp-json\/wp\/v2\/posts"}],"about":[{"href":"https:\/\/www.europesays.com\/it\/wp-json\/wp\/v2\/types\/post"}],"author":[{"embeddable":true,"href":"https:\/\/www.europesays.com\/it\/wp-json\/wp\/v2\/users\/3"}],"replies":[{"embeddable":true,"href":"https:\/\/www.europesays.com\/it\/wp-json\/wp\/v2\/comments?post=253390"}],"version-history":[{"count":0,"href":"https:\/\/www.europesays.com\/it\/wp-json\/wp\/v2\/posts\/253390\/revisions"}],"wp:featuredmedia":[{"embeddable":true,"href":"https:\/\/www.europesays.com\/it\/wp-json\/wp\/v2\/media\/253391"}],"wp:attachment":[{"href":"https:\/\/www.europesays.com\/it\/wp-json\/wp\/v2\/media?parent=253390"}],"wp:term":[{"taxonomy":"category","embeddable":true,"href":"https:\/\/www.europesays.com\/it\/wp-json\/wp\/v2\/categories?post=253390"},{"taxonomy":"post_tag","embeddable":true,"href":"https:\/\/www.europesays.com\/it\/wp-json\/wp\/v2\/tags?post=253390"}],"curies":[{"name":"wp","href":"https:\/\/api.w.org\/{rel}","templated":true}]}}