{"id":253508,"date":"2025-12-10T00:51:12","date_gmt":"2025-12-10T00:51:12","guid":{"rendered":"https:\/\/www.europesays.com\/it\/253508\/"},"modified":"2025-12-10T00:51:12","modified_gmt":"2025-12-10T00:51:12","slug":"guardiola-su-xabi-alonso-dovrebbe-fare-la-pipi-da-solo-io-non-la-faro-per-lui-allenare-il-real-madrid-e-il-lavoro-piu-difficile-del-mondo","status":"publish","type":"post","link":"https:\/\/www.europesays.com\/it\/253508\/","title":{"rendered":"Guardiola su Xabi Alonso: &#8220;Dovrebbe fare la pip\u00ec da solo, io non la far\u00f2 per lui. Allenare il Real Madrid \u00e8 il lavoro pi\u00f9 difficile del mondo&#8221;"},"content":{"rendered":"<p>Pep <strong>Guardiola<\/strong>, allenatore del <strong>Manchester City<\/strong>, ha parlato in conferenza stampa in vista della sfida di Champions League contro il Real Madrid alla sesta giornata:\u00a0<\/p>\n<p>&#8220;La scorsa stagione siamo arrivati con tanti problemi, ma tutte le altre partite sono state combattute e belle. Abbiamo giocatori importanti che sono alla loro prima volta qui al Bernabeu. I giocatori pi\u00f9 importanti che hanno lasciato il segno per un decennio &#8211; Kevin De Bruyne, Walker, Gundogan, Stones &#8211; non sono qui. Molti sono nuovi, vogliono provare quell&#8217;esperienza. Vogliono sapere di avercela fatta e di potercela fare di nuovo. \u00c8 un buon posto per dimostrare il proprio valore e il proprio valore come squadra&#8221;.\u00a0<\/p>\n","protected":false},"excerpt":{"rendered":"Pep Guardiola, allenatore del Manchester City, ha parlato in conferenza stampa in vista della sfida di Champions League&hellip;\n","protected":false},"author":3,"featured_media":253509,"comment_status":"","ping_status":"","sticky":false,"template":"","format":"standard","meta":{"footnotes":""},"categories":[1452],"tags":[721,1970,1740,1537,90,89,13564,66435,28270,149052,1739,245,244,147973],"class_list":{"0":"post-253508","1":"post","2":"type-post","3":"status-publish","4":"format-standard","5":"has-post-thumbnail","7":"category-calcio","8":"tag-calcio","9":"tag-champions-league","10":"tag-football","11":"tag-it","12":"tag-italia","13":"tag-italy","14":"tag-manchester-city","15":"tag-p-guardiola","16":"tag-real-madrid","17":"tag-real-madrid-vs-manchester-city","18":"tag-soccer","19":"tag-sport","20":"tag-sports","21":"tag-x-alonso"},"share_on_mastodon":{"url":"https:\/\/pubeurope.com\/@it\/115692534901009336","error":""},"_links":{"self":[{"href":"https:\/\/www.europesays.com\/it\/wp-json\/wp\/v2\/posts\/253508","targetHints":{"allow":["GET"]}}],"collection":[{"href":"https:\/\/www.europesays.com\/it\/wp-json\/wp\/v2\/posts"}],"about":[{"href":"https:\/\/www.europesays.com\/it\/wp-json\/wp\/v2\/types\/post"}],"author":[{"embeddable":true,"href":"https:\/\/www.europesays.com\/it\/wp-json\/wp\/v2\/users\/3"}],"replies":[{"embeddable":true,"href":"https:\/\/www.europesays.com\/it\/wp-json\/wp\/v2\/comments?post=253508"}],"version-history":[{"count":0,"href":"https:\/\/www.europesays.com\/it\/wp-json\/wp\/v2\/posts\/253508\/revisions"}],"wp:featuredmedia":[{"embeddable":true,"href":"https:\/\/www.europesays.com\/it\/wp-json\/wp\/v2\/media\/253509"}],"wp:attachment":[{"href":"https:\/\/www.europesays.com\/it\/wp-json\/wp\/v2\/media?parent=253508"}],"wp:term":[{"taxonomy":"category","embeddable":true,"href":"https:\/\/www.europesays.com\/it\/wp-json\/wp\/v2\/categories?post=253508"},{"taxonomy":"post_tag","embeddable":true,"href":"https:\/\/www.europesays.com\/it\/wp-json\/wp\/v2\/tags?post=253508"}],"curies":[{"name":"wp","href":"https:\/\/api.w.org\/{rel}","templated":true}]}}