{"id":253800,"date":"2025-12-10T06:26:17","date_gmt":"2025-12-10T06:26:17","guid":{"rendered":"https:\/\/www.europesays.com\/it\/253800\/"},"modified":"2025-12-10T06:26:17","modified_gmt":"2025-12-10T06:26:17","slug":"carolina-kostner-accettarmi-per-come-sono-mi-ha-cambiato-la-vita-alla-me-bambina-direi-di-non-nascondere-le-proprie-fragilita","status":"publish","type":"post","link":"https:\/\/www.europesays.com\/it\/253800\/","title":{"rendered":"Carolina Kostner: \u00abAccettarmi per come sono mi ha cambiato la vita. Alla me bambina direi di non nascondere le proprie fragilit\u00e0\u00bb"},"content":{"rendered":"<p><strong>Mi porto avanti e gliela faccio anch\u2019io questa domanda: cosa ha rappresentato, a suoi occhi, il pattinaggio?<\/strong><br \/>\u00abSicuramente mi ha tirato fuori da buchi bui, mi ha tenuto compagnia nei momenti di solitudine. Mi ha fatto arrabbiare, frustrare, portandomi a sprigionare una forza e un coraggio che neppure sapevo di avere. Una vera scuola, che mi ha portato ad essere chi sono oggi, nel bene e nel male\u00bb.<\/p>\n<p><strong>Tant\u2019\u00e8 che, messe da parte le gare, il pattinaggio continua ad essere centrale nella sua vita. Corretto?<\/strong><br \/>\u00abPrima, gareggiando, era pi\u00f9 semplice spiegare cosa facessi. Oggi vesto pi\u00f9 ruoli e mi piace molto, perch\u00e9 mi d\u00e0 la possibilit\u00e0 di capire cosa voglio fare da grande (ride, ndr). Tutt\u2019ora mi alleno e faccio esibizioni, maggiormente in Giappone, ma ho anche spettacoli in Italia: esploro il pattinaggio oltre le regole della gara, ho pi\u00f9 libert\u00e0 e c\u2019\u00e8 connessione con il pubblico. Poi ho imparato a raccontare a parole ci\u00f2 che faccio, incontrando studenti ma non solo. Inoltre seguo i nostri ragazzi della Nazionale, il mio gruppo sportivo Fiamme Azzurre, supervisiono i loro allenamenti. Infine seguo un ragazzo giapponese, l\u2019argento olimpico di Pechino, dal punto di vista artistico coreografico\u00bb.<\/p>\n<p><strong>In <a href=\"https:\/\/www.vanityfair.it\/sport\/storie-sport\/2017\/05\/02\/carolina-kostner-gioia-ritrovata-schwazer-mondiali-olimpiadi\" rel=\"nofollow noopener\" target=\"_blank\">un\u2019intervista del 2017<\/a> mi disse che dopo le esperienze che aveva attraversato, non si sentiva pi\u00f9 \u00absolo atleta\u00bb. Guardando tutto ci\u00f2 che fa adesso, possiamo confermarlo.<\/strong><br \/>\u00abL\u2019errore sta nel credere che un successo, o il riuscire a raggiungere un obiettivo, ci cambi. In realt\u00e0, penso che il cambiamento avvenga prima e ti permetta poi di vivere quel momento importante con presenza e lucidit\u00e0. Penso alla mia medaglia olimpica, che per me \u00e8 stata molto sofferta, alla terza partecipazione ai Giochi e con tanta pressione: non ero mai riuscita ad esprimere davvero ci\u00f2 che mi riusciva benissimo in allenamento. Ecco, quando finalmente mi hanno messo la medaglia al collo pensavo che avrebbe risolto tutti i miei problemi, che sarebbe stata il cambiamento, invece non \u00e8 stato cos\u00ec: mi sono accorta che la mia crescita era gi\u00e0 avvenuta prima, altrimenti non sarei salita su quel podio\u00bb.<\/p>\n<p><strong>Visione lineare del cambiamento, il ritrovarsi gi\u00e0 cambiati quando si raggiunge l\u2019obiettivo. \u00c8 stato cos\u00ec anche quando ha scelto di dire basta con l\u2019agonismo? Pensare che non lo ha mai neppure annunciato ufficialmente.<\/strong><br \/>\u00abPurtroppo \u00e8 coinciso con il periodo Covid. Io sognavo di fare un evento, un\u2019esibizione, uno show in cui avrei potuto invitare i miei affetti, i miei colleghi, chi in qualche modo ha contribuito alla mia carriera, e poter inchinarmi io di fronte a loro, e ringraziare. Quando poi siamo usciti dal Covid, era passato un po\u2019 di tempo e mi pareva quasi non avesse pi\u00f9 senso, c\u2019\u00e8 stata una naturale transizione in avanti. Ma chiss\u00e0, magari in futuro ci sar\u00e0 l\u2019occasione di realizzare questo sogno, sganciandolo ovviamente dall\u2019addio alle gare (ride, ndr). Sarebbe il mio grazie\u00bb.<\/p>\n<p><strong>E sarebbe anche una chiusura del cerchio. O, visto che siamo in tema, dei Cerchi.<\/strong><br \/>\u00abSarebbe molto bello se dopo Milano Cortina ci fosse l\u2019opportunit\u00e0 di fare anche questo. Perch\u00e9 s\u00ec, sicuramente si chiuderebbe un cerchio di vent\u2019anni: Torino 2006, la mia prima Olimpiade da atleta, e Milano Cortina 2026, la mia prima Olimpiade in ruoli diversi, in cui appunto vestir\u00f2 vari cappelli\u00bb.<\/p>\n","protected":false},"excerpt":{"rendered":"Mi porto avanti e gliela faccio anch\u2019io questa domanda: cosa ha rappresentato, a suoi occhi, il pattinaggio?\u00abSicuramente mi&hellip;\n","protected":false},"author":3,"featured_media":253801,"comment_status":"","ping_status":"","sticky":false,"template":"","format":"standard","meta":{"footnotes":""},"categories":[1451],"tags":[58160,1621,1620,203,204,1537,90,89,5917,245],"class_list":{"0":"post-253800","1":"post","2":"type-post","3":"status-publish","4":"format-standard","5":"has-post-thumbnail","7":"category-celebrita","8":"tag-carolina-kostner","9":"tag-celebrita","10":"tag-celebrities","11":"tag-entertainment","12":"tag-intrattenimento","13":"tag-it","14":"tag-italia","15":"tag-italy","16":"tag-olimpiadi","17":"tag-sport"},"share_on_mastodon":{"url":"https:\/\/pubeurope.com\/@it\/115693851984632652","error":""},"_links":{"self":[{"href":"https:\/\/www.europesays.com\/it\/wp-json\/wp\/v2\/posts\/253800","targetHints":{"allow":["GET"]}}],"collection":[{"href":"https:\/\/www.europesays.com\/it\/wp-json\/wp\/v2\/posts"}],"about":[{"href":"https:\/\/www.europesays.com\/it\/wp-json\/wp\/v2\/types\/post"}],"author":[{"embeddable":true,"href":"https:\/\/www.europesays.com\/it\/wp-json\/wp\/v2\/users\/3"}],"replies":[{"embeddable":true,"href":"https:\/\/www.europesays.com\/it\/wp-json\/wp\/v2\/comments?post=253800"}],"version-history":[{"count":0,"href":"https:\/\/www.europesays.com\/it\/wp-json\/wp\/v2\/posts\/253800\/revisions"}],"wp:featuredmedia":[{"embeddable":true,"href":"https:\/\/www.europesays.com\/it\/wp-json\/wp\/v2\/media\/253801"}],"wp:attachment":[{"href":"https:\/\/www.europesays.com\/it\/wp-json\/wp\/v2\/media?parent=253800"}],"wp:term":[{"taxonomy":"category","embeddable":true,"href":"https:\/\/www.europesays.com\/it\/wp-json\/wp\/v2\/categories?post=253800"},{"taxonomy":"post_tag","embeddable":true,"href":"https:\/\/www.europesays.com\/it\/wp-json\/wp\/v2\/tags?post=253800"}],"curies":[{"name":"wp","href":"https:\/\/api.w.org\/{rel}","templated":true}]}}