{"id":253815,"date":"2025-12-10T06:39:14","date_gmt":"2025-12-10T06:39:14","guid":{"rendered":"https:\/\/www.europesays.com\/it\/253815\/"},"modified":"2025-12-10T06:39:14","modified_gmt":"2025-12-10T06:39:14","slug":"olimpiadi-milano-cortina-limpresa-di-graffer-due-mesi-per-fare-la-cabinovia-a-cortina-su-un-versante-a-rischio-frana","status":"publish","type":"post","link":"https:\/\/www.europesays.com\/it\/253815\/","title":{"rendered":"Olimpiadi Milano-Cortina, l\u2019impresa di Graffer: due mesi per fare la cabinovia a Cortina su un versante a rischio frana"},"content":{"rendered":"<p>    di<br \/>\n    Pietro Gorlani<\/p>\n<p class=\"summary-art is-line-h-12\">Parla Lima, il titolare, intervistato da \u00abReport\u00bb:  mai realizzato impianti cos\u00ec<\/p>\n<p class=\"chapter-paragraph\">\u00c8   corsa contro il tempo per realizzare a Cortina d\u2019Ampezzo, in soli due mesi, la cabinovia Socrepes funzionale alle Olimpiadi Invernali che potr\u00e0 trasportare fino a 2400 persone l\u2019ora. <b>La si sta realizzando su un terreno \u00abfranoso\u00bb conferma il presidente dell\u2019ordine dei geologi del Veneto, Giorgio Giacchetti.\u00a0<\/b><\/p>\n<p class=\"chapter-paragraph\">A inoltrarsi in questa impresa ardua \u00e8 una societ\u00e0 bresciana, <b>la Graferr dell\u2019imprenditore bresciano Sergio Lima (la Srl \u00e8 intestata ai figli, lui figura addetto alle vendite), che  a  luglio ha ricevuto un affidamento diretto dei lavori  (da 35 milioni di euro) da Simico  (Societ\u00e0 infrastrutture Milano-Cortina) dopo che a giugno la gara europea era andata deserta<\/b>. I due maggiori player mondiali nella realizzazione di cabinovie \u2014 Leitner e Doppelmayr  \u2014 hanno ritenuto  troppo elevati i rischi. \u00c8 quanto emerge da un\u2019inchiesta di Report andata in onda domenica , che  approfondisce un lavoro giornalisti  del Salto, portale d\u2019informazione dell\u2019Alto Adige.<br \/>\u00a0<br \/>\u00ab<b>Uno dei responsabili di Leitner \u00e8 mi ha detto che era impossibile realizzare una cabinovia in cos\u00ec poco tempo e in un pendio con cos\u00ec tante problematiche dal punto di vista geologico\u00bb dice Fabio Gobbato, giornalista del Salto ai microfoni della giornalista di Report Claudia Di Pasquale<\/b>.    E invece  la Graffer \u2014 che conta  17 dipendenti e   ha un fatturato di  meno di 8 milioni \u2014 si buttaa capofitto nell\u2019avventura. La societ\u00e0  \u00abnon c\u2019entra niente\u00bb con  quella  che nel dopoguerra ha realizzato i primi sistemi di risalita in Italia, compresi quelli delle Olimpiadi di Cortina del 1956,  dice Filippo Graffer, che definisce la vicenda \u00abimbarazzante\u00bb.\u00a0    &#13;<br \/>\n&#13;<br \/>\n&#13;<br \/>\n&#13;<br \/>\n&#13;<br \/>\n&#13;<br \/>\n&#13;<br \/>\n&#13;<br \/>\n&#13;<br \/>\n&#13;<br \/>\n&#13;<br \/>\n&#13;<br \/>\n&#13;<br \/>\n&#13;<br \/>\n&#13;<br \/>\n&#13;<br \/>\n&#13;<br \/>\n&#13;<br \/>\n&#13;<br \/>\n&#13;<br \/>\n&#13;<br \/>\n&#13;<br \/>\n&#13;<br \/>\n&#13;<br \/>\n&#13;<br \/>\n&#13;<br \/>\n&#13;<br \/>\n&#13;<br \/>\n&#13;<br \/>\n&#13;<br \/>\n&#13;<br \/>\n&#13;<br \/>\n&#13;<br \/>\n&#13;<br \/>\n&#13;<br \/>\n&#13;<br \/>\n&#13;<br \/>\n&#13;<br \/>\n&#13;<br \/>\n&#13;<br \/>\n&#13;<br \/>\n&#13;<br \/>\n&#13;<br \/>\n&#13;<br \/>\n&#13;<br \/>\n&#13;<br \/>\n&#13;<br \/>\n&#13;<br \/>\n&#13;<br \/>\n&#13;<br \/>\n&#13;<br \/>\n&#13;<br \/>\n&#13;\n<\/p>\n<p class=\"chapter-paragraph\">La societ\u00e0 fondata dal padre \u00e8 fallita nel 2011 e la Graffer bresciana ne ha rilevato \u00abmarchio,  brevetti, stampi\u00bb dice lo stesso Lima alla giornalista di Report, ammettendo candidamente che la sua societ\u00e0 non ha  mai realizzato una cabinovia. \u00ab<b>Non abbiamo una tecnologia consolidata per questo tipo di impianti\u00bb dice. Ad oggi  ha  realizzato solo uno skilift in Valtellina e una cestovia sul Garda<\/b>, opera per la quale Sergio Lima \u00e8 rinviato a giudizio per turbativa d\u2019asta mentre  \u00e8 stato assolto  (per intervenuta prescrizione) nel processo per turbativa d\u2019asta e corruzione nei confronti del sindaco di Foppolo (Bg), per il riposizionamento di una telecabina (il sindaco  \u00e8 stato condannato).<\/p>\n<p class=\"chapter-paragraph\">Ma allora chi realizzer\u00e0 la cabinovia di Cortina?. <b>\u00abSono stati  individuati diversi fornitori: la fune la fa la Redaelli, i funzionamenti elettrici la RopeTec di Vicenza, cabina e morsa li fornisce la turca Anadolu Teleferik\u00bb spiega Lima. Anadolu  \u00e8 coinvolta in un\u2019inchiesta per il crollo, nel 2024 , di un pilone di un impianto in Turchia <\/b>(un morto e 10 feriti). \u00abNon sono gli stessi componenti tecnici che mettiamo  Cortina\u00bb sdrammatizza Lima.<br \/>\u00a0 \u00a0<br \/>Stando agli approfondimenti di Report, Ansfisa (Agenzia Nazionale per la sicurezza delle ferrovie e delle infrastrutture stradali e autostradali) nonostante non ci fossero  tutte le certificazioni necessarie a ottobre ha rilasciato dei nulla osta parziali, ai lavori.    <b>\u00abAvete il documento sulla immunit\u00e0 da frana? Lei sa che non c\u2019\u00e8\u00bb  incalza la giornalista.   \u00abNon lo so\u00bb replica Lima sorridendo.<\/b><br \/>\u00a0\u00a0<br \/>\u00abCi sono ingegneri e geologi che hanno autorizzato quell\u2019area di conseguenza sono sicuro  che ha tutti i crismi per essere sicura\u00bb spiega per\u00f2 il sindaco di Cortina d\u2019Ampezzo, Gianluca Lorenzi ai microfoni della giornalista di Report.  Ma a porre interrogativi inquietanti su come sia stato possibile iniziare i lavori nonostante tutte le criticit\u00e0  \u00e8 il presidente dell\u2019ordine dei geologi del Veneto, Giorgio Giacchetti, che definisce \u00abun\u2019anomalia\u00bb  le modalit\u00e0 adottate.<b>  Ai primi di settembre sul versante si \u00e8 aperta una frattura che da 15 metri si \u00e8 estesa fino ad ottanta metri.<\/b> \u00abBisogna preoccuparsi\u00bb aggiunge il presidente dell\u2019ordine dei geologi del Veneto, ritenendo che sia a rischio anche l\u2019incolumit\u00e0 dei lavoratori.\u00a0<\/p>\n<p class=\"chapter-paragraph\"><b>Marco Barla, professore di Ingegneria geotecnica al Politecnico di Torino, consulente di Simico, ammette che \u00abc\u2019\u00e8 un rilassamento gestibile nella fase di cantiere. Sono cose che succedono. Certo, in quel contesto l\u00ec sarebbe stato meglio evitarlo. <\/b>Ci sono tre cantieri in contemporanea e gli ultimi che sono arrivati, un po\u2019 ingenui, cio\u00e8  Simico che sta realizzando la stazione di  monte, ha fatto uno scavo senza realizzare troppi drenaggi e quindi si \u00e8 mosso il terreno a tergo\u00bb. Il commissario straordinario per le Olimpiadi invernali,  Fabio Massimo  Saldini, ad di Simico e commissario per le Olimpiadi garantisce sulla correttezza dell\u2019intero iter e riguardo al rischio  frana commenta: \u00ab\u00c8 uno scivolamento gestibile nell\u2019ordinaria attivit\u00e0 di cantiere\u00bb. Si vedr\u00e0.<\/p>\n<p class=\"is-mr-t-20 is-mr-b-20\"><b><br \/>\n                    <a href=\"https:\/\/brescia.corriere.it\/?intcmp=Notizielocali_nd_010623_corriere_ss_brescia\" target=\"_blank\" rel=\"nofollow noopener\">Vai a tutte le notizie di Brescia<\/a><br \/>\n            <\/b><\/p>\n<p class=\"chapter-paragraph\"><b><a href=\"https:\/\/www.corriere.it\/newsletter\/?theme=62&amp;intcmp=NL-artic_nd_050624_corriere_ss_brescia\" target=\"_blank\" rel=\"nofollow noopener\">Iscriviti alla newsletter di Corriere Brescia<\/a><\/b><\/p>\n<p class=\"is-last-update\" datetime=\"2025-12-09T11:15:19+01:00\">8 dicembre 2025 ( modifica il 9 dicembre 2025 | 11:15)<\/p>\n<p class=\"is-copyright\">\n            \u00a9 RIPRODUZIONE RISERVATA\n        <\/p>\n","protected":false},"excerpt":{"rendered":"di Pietro Gorlani Parla Lima, il titolare, intervistato da \u00abReport\u00bb: mai realizzato impianti cos\u00ec \u00c8 corsa contro il&hellip;\n","protected":false},"author":3,"featured_media":253816,"comment_status":"","ping_status":"","sticky":false,"template":"","format":"standard","meta":{"footnotes":""},"categories":[6],"tags":[149168,31873,1961,30861,10709,132107,149169,9000,3758,447,149170,14,11535,15504,19225,149159,149162,149171,149172,149173,7824,149174,4348,149163,149160,8,883,3264,51,1174,93925,1537,90,89,722,149175,149158,3203,66428,149176,149177,7,15,82,9,83,10,5917,6183,149164,149165,135,149166,149167,43883,5156,4910,2441,149161,19,1359,13,11,80,84,12,81,85,108],"class_list":{"0":"post-253815","1":"post","2":"type-post","3":"status-publish","4":"format-standard","5":"has-post-thumbnail","7":"category-ultime-notizie","8":"tag-ampezzo","9":"tag-anadolu","10":"tag-andata","11":"tag-asta","12":"tag-bresciana","13":"tag-cabinovia","14":"tag-cabinovia-cortina","15":"tag-cantiere","16":"tag-commissario","17":"tag-cortina","18":"tag-cortina-ampezzo","19":"tag-cronaca","20":"tag-definisce","21":"tag-fabio","22":"tag-frana","23":"tag-geologi","24":"tag-geologi-veneto","25":"tag-geologi-veneto-giorgio","26":"tag-gestibile","27":"tag-giacchetti","28":"tag-giorgio","29":"tag-giorgio-giacchetti","30":"tag-giornalista","31":"tag-giornalista-report","32":"tag-graffer","33":"tag-headlines","34":"tag-impianti","35":"tag-impresa","36":"tag-inchiesta","37":"tag-infrastrutture","38":"tag-invernali","39":"tag-it","40":"tag-italia","41":"tag-italy","42":"tag-lavori","43":"tag-leitner","44":"tag-lima","45":"tag-metri","46":"tag-microfoni","47":"tag-microfoni-giornalista","48":"tag-microfoni-giornalista-report","49":"tag-news","50":"tag-notizie","51":"tag-notizie-di-cronaca","52":"tag-notizie-principali","53":"tag-notiziedicronaca","54":"tag-notizieprincipali","55":"tag-olimpiadi","56":"tag-ordine","57":"tag-ordine-geologi","58":"tag-ordine-geologi-veneto","59":"tag-presidente","60":"tag-presidente-ordine","61":"tag-presidente-ordine-geologi","62":"tag-realizzare","63":"tag-realizzato","64":"tag-report","65":"tag-rischio","66":"tag-simico","67":"tag-sindaco","68":"tag-societa","69":"tag-titoli","70":"tag-ultime-notizie","71":"tag-ultime-notizie-di-cronaca","72":"tag-ultime-notizie-e-news-di-oggi","73":"tag-ultimenotizie","74":"tag-ultimenotiziedicronaca","75":"tag-ultimenotizieenewsdioggi","76":"tag-veneto"},"share_on_mastodon":{"url":"","error":"Validation failed: Text character limit of 500 exceeded"},"_links":{"self":[{"href":"https:\/\/www.europesays.com\/it\/wp-json\/wp\/v2\/posts\/253815","targetHints":{"allow":["GET"]}}],"collection":[{"href":"https:\/\/www.europesays.com\/it\/wp-json\/wp\/v2\/posts"}],"about":[{"href":"https:\/\/www.europesays.com\/it\/wp-json\/wp\/v2\/types\/post"}],"author":[{"embeddable":true,"href":"https:\/\/www.europesays.com\/it\/wp-json\/wp\/v2\/users\/3"}],"replies":[{"embeddable":true,"href":"https:\/\/www.europesays.com\/it\/wp-json\/wp\/v2\/comments?post=253815"}],"version-history":[{"count":0,"href":"https:\/\/www.europesays.com\/it\/wp-json\/wp\/v2\/posts\/253815\/revisions"}],"wp:featuredmedia":[{"embeddable":true,"href":"https:\/\/www.europesays.com\/it\/wp-json\/wp\/v2\/media\/253816"}],"wp:attachment":[{"href":"https:\/\/www.europesays.com\/it\/wp-json\/wp\/v2\/media?parent=253815"}],"wp:term":[{"taxonomy":"category","embeddable":true,"href":"https:\/\/www.europesays.com\/it\/wp-json\/wp\/v2\/categories?post=253815"},{"taxonomy":"post_tag","embeddable":true,"href":"https:\/\/www.europesays.com\/it\/wp-json\/wp\/v2\/tags?post=253815"}],"curies":[{"name":"wp","href":"https:\/\/api.w.org\/{rel}","templated":true}]}}