{"id":253817,"date":"2025-12-10T06:47:28","date_gmt":"2025-12-10T06:47:28","guid":{"rendered":"https:\/\/www.europesays.com\/it\/253817\/"},"modified":"2025-12-10T06:47:28","modified_gmt":"2025-12-10T06:47:28","slug":"sinner-succhiotto-al-collo-la-battuta-dellallenatore-durante-lallenamento-a-parigi-cosa-e-successo","status":"publish","type":"post","link":"https:\/\/www.europesays.com\/it\/253817\/","title":{"rendered":"Sinner, succhiotto al collo? La battuta dell&#8217;allenatore durante l&#8217;allenamento a Parigi. Cosa \u00e8 successo"},"content":{"rendered":"<p>\n                            Commenti e retroscena del panorama politico<br \/>\n                            <b>Iscriviti<\/b> e ricevi le notizie via email\n                        <\/p>\n<p>\u00abMa chi te l\u2019ha fatto quel succhiotto? Dai, che ti conosciamo\u2026\u00bb. Con tono scherzoso, quasi paterno, i due allenatori di Sinner, Simone Vagnozzi e Darren Cahill si sono rivolti cos\u00ec allo stesso Jannik che, in campo a Parigi per preparare il debutto al <a href=\"https:\/\/www.ilmessaggero.it\/t\/roland-garros\" rel=\"nofollow noopener\" target=\"_blank\">Roland Garros<\/a>, mostrava un misterioso segno sul collo.<\/p>\n<p>&#13;<br \/>\n    APPROFONDIMENTI&#13;<\/p>\n<p>&#13;<\/p>\n<p>                <a href=\"https:\/\/www.ilmessaggero.it\/sport\/schede\/sinner_debutto_roland_garros_quando_gioca_orario_italiani_musetti_paolini_cobolli_dove_vederla-8856392.html\" title=\"Sinner debutto Roland Garros\" rel=\"nofollow noopener\" target=\"_blank\"><img loading=\"lazy\" decoding=\"async\" src=\"https:\/\/www.europesays.com\/it\/wp-content\/uploads\/2025\/12\/8856392_24122716_spareggio_2_.jpg\" title=\"Sinner debutto Roland Garros\" width=\"64\" height=\"64\" data-pagespeed-no-transform=\"\"\/><\/a>            <\/p>\n<p>    &#13;<\/p>\n<p>&#13;<\/p>\n<p>                <a href=\"https:\/\/www.ilmessaggero.it\/sport\/tennis\/musetti_roland_garros_debutto_dichiarazioni_cosa_ha_detto_mediaday-8856327.html\" title=\"Musetti e la sfida Roland Garros\" rel=\"nofollow noopener\" target=\"_blank\"><img loading=\"lazy\" decoding=\"async\" src=\"https:\/\/www.europesays.com\/it\/wp-content\/uploads\/2025\/12\/8856327_24124049_onecms_1ii5ji58uk8vy6hqc5o.jpg\" title=\"Musetti e la sfida Roland Garros\" width=\"64\" height=\"64\" data-pagespeed-no-transform=\"\"\/><\/a>            <\/p>\n<p>    &#13;<\/p>\n<p>    &#13;<\/p>\n<p><a class=\"link_item\" data-linked_from=\"null\" href=\"https:\/\/www.ilmessaggero.it\/sport\/schede\/sinner_debutto_roland_garros_quando_gioca_orario_italiani_musetti_paolini_cobolli_dove_vederla-8856392.html\" rel=\"nofollow noopener\" target=\"_blank\">Sinner debutto Roland Garros, Jannik in campo luned\u00ec: le condizioni e quando giocano gli altri italiani<\/a><\/p>\n<p>Il viaggio a Copenhagen\u00a0 <\/p>\n<p>Il giorno prima dell&#8217;allenamento Sinner, che era reduce dalla sconfitta di Roma, aveva fatto tappa a Copenhagen, per un viaggio inizialmente non previsto nell&#8217;agenda e che probabilmente nascondeva ragioni d&#8217;amore.\u00a0Ad aver immortalato la scena di <strong><a href=\"https:\/\/www.ilmessaggero.it\/t\/sinner\" rel=\"nofollow noopener\" target=\"_blank\">Sinner<\/a><\/strong> in Danimarca era stata l&#8217;ex tennista Mette Dahl che ha scattato una foto dell&#8217;incontro con Jannik e ha raccontato l&#8217;accaduto ai media danesi.\u00a0<\/p>\n<blockquote class=\"instagram-media\" data-instgrm-captioned=\"\" data-instgrm-permalink=\"https:\/\/www.instagram.com\/reel\/DKANjUxKKv4\/?utm_source=ig_embed&amp;utm_campaign=loading\" data-instgrm-version=\"14\" style=\" background:#FFF; border:0; border-radius:3px; box-shadow:0 0 1px 0 rgba(0,0,0,0.5),0 1px 10px 0 rgba(0,0,0,0.15); margin: 1px; max-width:540px; min-width:326px; padding:0; width:99.375%; width:-webkit-calc(100% - 2px); width:calc(100% - 2px);\" wp_automatic_readability=\"-7.1029411764706\"><\/blockquote>\n<p>Sinner, che oltre a essere un semplice atleta \u00e8 per molti un argomento quotidiano, \u00e8 tornato a far parlare di s\u00e8 ma questa volta non per ragioni prettamente sportive. <\/p>\n<p>La battuta dei due allenatori, accolta da Sinner con un sorriso, conferma ancora una volta l&#8217;ottimo rapporto vige all&#8217;interno dello staff tecnico del numero uno al mondo.                <\/p>\n<p>&#13;<br \/>\n                            \u00a9 RIPRODUZIONE RISERVATA&#13;<\/p>\n<p>&#13;<\/p>\n<p>            <script async src=\"\/\/www.instagram.com\/embed.js\"><\/script><\/p>\n","protected":false},"excerpt":{"rendered":"Commenti e retroscena del panorama politico Iscriviti e ricevi le notizie via email \u00abMa chi te l\u2019ha fatto&hellip;\n","protected":false},"author":3,"featured_media":253818,"comment_status":"","ping_status":"","sticky":false,"template":"","format":"standard","meta":{"footnotes":""},"categories":[1457],"tags":[1537,90,89,1717,14175,366,149178,245,244,149179,1273],"class_list":{"0":"post-253817","1":"post","2":"type-post","3":"status-publish","4":"format-standard","5":"has-post-thumbnail","7":"category-tennis","8":"tag-it","9":"tag-italia","10":"tag-italy","11":"tag-jannik-sinner","12":"tag-roland-garros","13":"tag-sinner","14":"tag-sinner-succhiotto","15":"tag-sport","16":"tag-sports","17":"tag-succhiotto","18":"tag-tennis"},"share_on_mastodon":{"url":"https:\/\/pubeurope.com\/@it\/115693934788686738","error":""},"_links":{"self":[{"href":"https:\/\/www.europesays.com\/it\/wp-json\/wp\/v2\/posts\/253817","targetHints":{"allow":["GET"]}}],"collection":[{"href":"https:\/\/www.europesays.com\/it\/wp-json\/wp\/v2\/posts"}],"about":[{"href":"https:\/\/www.europesays.com\/it\/wp-json\/wp\/v2\/types\/post"}],"author":[{"embeddable":true,"href":"https:\/\/www.europesays.com\/it\/wp-json\/wp\/v2\/users\/3"}],"replies":[{"embeddable":true,"href":"https:\/\/www.europesays.com\/it\/wp-json\/wp\/v2\/comments?post=253817"}],"version-history":[{"count":0,"href":"https:\/\/www.europesays.com\/it\/wp-json\/wp\/v2\/posts\/253817\/revisions"}],"wp:featuredmedia":[{"embeddable":true,"href":"https:\/\/www.europesays.com\/it\/wp-json\/wp\/v2\/media\/253818"}],"wp:attachment":[{"href":"https:\/\/www.europesays.com\/it\/wp-json\/wp\/v2\/media?parent=253817"}],"wp:term":[{"taxonomy":"category","embeddable":true,"href":"https:\/\/www.europesays.com\/it\/wp-json\/wp\/v2\/categories?post=253817"},{"taxonomy":"post_tag","embeddable":true,"href":"https:\/\/www.europesays.com\/it\/wp-json\/wp\/v2\/tags?post=253817"}],"curies":[{"name":"wp","href":"https:\/\/api.w.org\/{rel}","templated":true}]}}