{"id":253844,"date":"2025-12-10T07:18:16","date_gmt":"2025-12-10T07:18:16","guid":{"rendered":"https:\/\/www.europesays.com\/it\/253844\/"},"modified":"2025-12-10T07:18:16","modified_gmt":"2025-12-10T07:18:16","slug":"apu-udine-il-presidente-di-lba-gherardini-in-visita-ufficiale-allapu-udine-una-realta-organizzata-con-progettualita-e-ambizione","status":"publish","type":"post","link":"https:\/\/www.europesays.com\/it\/253844\/","title":{"rendered":"APU Udine &#8211; Il Presidente di LBA Gherardini in visita ufficiale all\u2019Apu Udine: \u201cUna realt\u00e0 organizzata, con progettualit\u00e0 e ambizione\u201d"},"content":{"rendered":"<p>      \t\t<a href=\"https:\/\/www.apudine.it\/\" rel=\"nofollow noopener\" target=\"_blank\">Home<\/a> \/ <a href=\"https:\/\/www.apudine.it\/last-news\" rel=\"nofollow noopener\" target=\"_blank\">Ultime news<\/a> \/ Il Presidente di LBA Gherardini in visita ufficiale all\u2019Apu Udine: \u201cUna realt\u00e0 organizzata, con progettualit\u00e0 e ambizione\u201d<\/p>\n<p>\t\tIl Presidente di LBA Gherardini in visita ufficiale all\u2019Apu Udine: \u201cUna realt\u00e0 organizzata, con progettualit\u00e0 e ambizione\u201d<\/p>\n<p class=\"mb-5\">\n\t\t\t7 Novembre 2025\n\t\t<\/p>\n<p>Si \u00e8 svolta oggi la prima visita ufficiale del <strong>Presidente della Lega Basket Serie A<\/strong>, <strong>Maurizio Gherardini<\/strong>, all\u2019Apu Udine, accompagnato dal responsabile LBA Francesco Ricc\u00f2. Un incontro istituzionale di rilevanza strategica, che ha rafforzato il rapporto tra il club bianconero e la Lega nella stagione del ritorno di Udine in Serie A.<\/p>\n<p>Ad accogliere la delegazione LBA sono stati il Presidente dell\u2019Apu Udine, Alessandro Pedone, l\u2019Amministratore Delegato Gianpaolo Graberi, il General Manager Andrea Gracis e il brand ambassador Michele Antonutti.<\/p>\n<p>La visita si \u00e8 articolata tra una sessione di lavoro nella nuova sede operativa del club, \u201cCasa Apu\u201d.<\/p>\n<p>Durante l\u2019incontro sono stati affrontati i principali temi legati alla governance e allo sviluppo del movimento cestistico italiano: struttura del campionato, sostenibilit\u00e0 gestionale delle societ\u00e0, rapporti tra club e Lega e sviluppo del settore giovanile. Centrale anche il confronto sulla crescita organizzativa del club, sul modello societario adottato e sulla progettualit\u00e0 a medio-lungo termine.<\/p>\n<p>Al termine della visita, il Presidente Gherardini ha dichiarato: \u201cAvevo preso l\u2019impegno, sin dalla mia nomina, di visitare tutte le sedici realt\u00e0 della Serie A. Udine rappresenta l\u2019ultima tappa di questo percorso e ho voluto attendere per scoprire le nuove strutture del club. \u00c8 stata una visita estremamente interessante: si percepiscono organizzazione, progettualit\u00e0, sogni e necessit\u00e0. Qui non c\u2019\u00e8 solo la parte sportiva, ma una struttura societaria solida, con qualit\u00e0 importanti. Si vede la volont\u00e0 di curare tutte le aree del club \u2013 ticketing, marketing, gestione dei contenuti e social media \u2013 elementi ormai fondamentali nel basket moderno. Udine, pur essendo appena arrivata in Serie A, \u00e8 gi\u00e0 strutturata e ha le idee chiare per crescere ulteriormente.\u201d<\/p>\n<p>Sul ruolo del Friuli Venezia Giulia nel panorama cestistico nazionale, Gherardini ha aggiunto: \u201cIl Friuli \u00e8 da sempre una terra di basket. Non sorprende vedere questa regione protagonista con pi\u00f9 club ai massimi livelli. La Lega ha bisogno di societ\u00e0 con progettualit\u00e0, qualit\u00e0 e strutture: quando questo accade in una terra che vive di pallacanestro, il percorso pu\u00f2 essere ancora pi\u00f9 virtuoso.\u201d<\/p>\n<p>Il commento del Presidente Apu Udine, Alessandro Pedone: \u201cPer noi \u00e8 un onore ricevere il Presidente Gherardini a Udine. Abbiamo messo in campo un progetto serio, credibile e sostenibile, basato sull\u2019organizzazione e sul consolidamento del club a livello strutturale. Sentire riconosciuta questa visione dalla massima istituzione della Lega \u00e8 un\u2019ulteriore conferma che siamo sulla strada giusta. Il confronto odierno \u00e8 stato prezioso per proseguire nel percorso di crescita della societ\u00e0\u201d.<\/p>\n<p>L\u2019incontro si \u00e8 concluso con la visita al PalaCarnera, dove questa sera Gherardini assister\u00e0 alla gara di campionato Apu Udine-Reyer Venezia.<\/p>\n","protected":false},"excerpt":{"rendered":"Home \/ Ultime news \/ Il Presidente di LBA Gherardini in visita ufficiale all\u2019Apu Udine: \u201cUna realt\u00e0 organizzata,&hellip;\n","protected":false},"author":3,"featured_media":253845,"comment_status":"","ping_status":"","sticky":false,"template":"","format":"standard","meta":{"footnotes":""},"categories":[1453],"tags":[1756,1757,1537,90,89,245,244],"class_list":{"0":"post-253844","1":"post","2":"type-post","3":"status-publish","4":"format-standard","5":"has-post-thumbnail","7":"category-basket","8":"tag-basket","9":"tag-basketball","10":"tag-it","11":"tag-italia","12":"tag-italy","13":"tag-sport","14":"tag-sports"},"share_on_mastodon":{"url":"https:\/\/pubeurope.com\/@it\/115694056544131521","error":""},"_links":{"self":[{"href":"https:\/\/www.europesays.com\/it\/wp-json\/wp\/v2\/posts\/253844","targetHints":{"allow":["GET"]}}],"collection":[{"href":"https:\/\/www.europesays.com\/it\/wp-json\/wp\/v2\/posts"}],"about":[{"href":"https:\/\/www.europesays.com\/it\/wp-json\/wp\/v2\/types\/post"}],"author":[{"embeddable":true,"href":"https:\/\/www.europesays.com\/it\/wp-json\/wp\/v2\/users\/3"}],"replies":[{"embeddable":true,"href":"https:\/\/www.europesays.com\/it\/wp-json\/wp\/v2\/comments?post=253844"}],"version-history":[{"count":0,"href":"https:\/\/www.europesays.com\/it\/wp-json\/wp\/v2\/posts\/253844\/revisions"}],"wp:featuredmedia":[{"embeddable":true,"href":"https:\/\/www.europesays.com\/it\/wp-json\/wp\/v2\/media\/253845"}],"wp:attachment":[{"href":"https:\/\/www.europesays.com\/it\/wp-json\/wp\/v2\/media?parent=253844"}],"wp:term":[{"taxonomy":"category","embeddable":true,"href":"https:\/\/www.europesays.com\/it\/wp-json\/wp\/v2\/categories?post=253844"},{"taxonomy":"post_tag","embeddable":true,"href":"https:\/\/www.europesays.com\/it\/wp-json\/wp\/v2\/tags?post=253844"}],"curies":[{"name":"wp","href":"https:\/\/api.w.org\/{rel}","templated":true}]}}