{"id":253873,"date":"2025-12-10T07:45:14","date_gmt":"2025-12-10T07:45:14","guid":{"rendered":"https:\/\/www.europesays.com\/it\/253873\/"},"modified":"2025-12-10T07:45:14","modified_gmt":"2025-12-10T07:45:14","slug":"dan-peterson-e-una-lba-pirotecnica","status":"publish","type":"post","link":"https:\/\/www.europesays.com\/it\/253873\/","title":{"rendered":"Dan Peterson e una LBA pirotecnica"},"content":{"rendered":"<p>Il parere di The Coach<\/p>\n<p>&#13;<br \/>\n                                Dalla Gazzetta dello Sport a cura di Dan Peterson.<br \/>&#13;<br \/>\nNon si pu\u00f2 dire che questo sia un campionato di basket noioso! Si dimette dai Trapani Sharks il coach Jasmin Repesa, con il miglior record del campionato, anche se la squadra \u00e8 stata punita con 5 punti in meno per alcune vicende societarie. Poi, si dimette Ettore Messina dall&#8217;Olimpia Milano con gi\u00e0 sette scudetti in bacheca, a pari merito con Simone Pianigiani e secondo solo al mitico Cesare Rubini. Poi, come piace ai tifosi, abbiamo una classifica \u00abfluida\u00bb. Cio\u00e8, con cambi importanti di posizione ogni giornata, perch\u00e9 la distanza fra le squadre \u00e8 spesso di pochi punti, proprio come la classifica della Serie A del calcio, con un \u00abtraff\u00ecc jam\u00bbper il primo posto. Come si dice, una classifica corta che determina alcune domande importanti. 1. Brescia pu\u00f2 mantenere questo livello di rendimento? Penso di s\u00ec, perch\u00e9 \u00e8 stata finalista lo scorso campionato e si \u00e8 ritagliata un ruolo da protagonista da diversi anni. Quindi, si sono \u00abvaccinati\u00bb contro stress, aspettative, ostacoli. Poi, hanno tenuto un buon nucleo da 4-5 anni. Importantissimo. 2. La Virtus Bologna pu\u00f2 vincere la stagione regolare? Gli uomini di coach Ivanovic sono primi in classifica (alla pari con Brescia). Ma qui bisogna andare piano con i pronastici perch\u00e9 loro giocano in Eurolega: stanchezza, stress, infortuni, ecc. possono incidere. Poi un&#8217;altra questione: per completare il gruppo manca un altro top player o possono andare avanti come sono? 3. Trapani pu\u00f2 superare i problemi che sta attraversando? Cio\u00e8, le dimissioni di Repesa, l&#8217;uscita del capitano Amir Alibegovic, la penalizzazione in classifica! Spesso gli schiaffi ti temprano e ti danno una mentalit\u00e0 da \u00abnoi contro il mondo\u00bb. Quindi, saranno pericolosi. 4. L&#8217;Olimpia Milano avr\u00e0 una spinta con il cambio di allenatore, con Peppe Poeta, quarantenne, al posto del leggendario Ettore Messina? Dipende dallinfeimena. Se avranno tutti i giocatori in salute e in forma, possono sempre fare dei grandi risultati. 5. Chi fino adesso si \u00e8 meritata il titolo di squadra-sorpresa? Non ho dubbi: Reyer Venezia! Hanno tenuto tutto insieme: coach, staff, rosa. Poi, Derthona Tortona, dove Mario Fioretti predica ordine, lavoro e umilt\u00e0. Due squadre che non vorrei mai incontrare nei playoff 6. E la parte bassa della classifica? Due giganti nella storia del basket Italiano, Varese e Cant\u00eci, stanno lottando con le unghie per rimanere in A-1. Poi, Udine \u00e8 \u00abindecisa. Cio\u00e8, non sappiamo se potr\u00e0 lottare per i playoff o per evitare la retrocessione. 7.1 migliori dopo un terzo della stagione? Top coach: Nevin Spahija (Reyer), insieme a Dusko Ivanovic (Virtus) e Matteo Cotelli (Brescia). Mvp: Miro Bilan (Brescia); Armoni Brooks (Olimpia); Alessandro Pajola (Virtus). Perora, \u00e8 tutto!\u00a0&#13;\n                            <\/p>\n","protected":false},"excerpt":{"rendered":"Il parere di The Coach &#13; Dalla Gazzetta dello Sport a cura di Dan Peterson.&#13; Non si pu\u00f2&hellip;\n","protected":false},"author":3,"featured_media":253874,"comment_status":"","ping_status":"","sticky":false,"template":"","format":"standard","meta":{"footnotes":""},"categories":[1453],"tags":[1756,1757,1537,90,89,245,244],"class_list":{"0":"post-253873","1":"post","2":"type-post","3":"status-publish","4":"format-standard","5":"has-post-thumbnail","7":"category-basket","8":"tag-basket","9":"tag-basketball","10":"tag-it","11":"tag-italia","12":"tag-italy","13":"tag-sport","14":"tag-sports"},"share_on_mastodon":{"url":"https:\/\/pubeurope.com\/@it\/115694162758780838","error":""},"_links":{"self":[{"href":"https:\/\/www.europesays.com\/it\/wp-json\/wp\/v2\/posts\/253873","targetHints":{"allow":["GET"]}}],"collection":[{"href":"https:\/\/www.europesays.com\/it\/wp-json\/wp\/v2\/posts"}],"about":[{"href":"https:\/\/www.europesays.com\/it\/wp-json\/wp\/v2\/types\/post"}],"author":[{"embeddable":true,"href":"https:\/\/www.europesays.com\/it\/wp-json\/wp\/v2\/users\/3"}],"replies":[{"embeddable":true,"href":"https:\/\/www.europesays.com\/it\/wp-json\/wp\/v2\/comments?post=253873"}],"version-history":[{"count":0,"href":"https:\/\/www.europesays.com\/it\/wp-json\/wp\/v2\/posts\/253873\/revisions"}],"wp:featuredmedia":[{"embeddable":true,"href":"https:\/\/www.europesays.com\/it\/wp-json\/wp\/v2\/media\/253874"}],"wp:attachment":[{"href":"https:\/\/www.europesays.com\/it\/wp-json\/wp\/v2\/media?parent=253873"}],"wp:term":[{"taxonomy":"category","embeddable":true,"href":"https:\/\/www.europesays.com\/it\/wp-json\/wp\/v2\/categories?post=253873"},{"taxonomy":"post_tag","embeddable":true,"href":"https:\/\/www.europesays.com\/it\/wp-json\/wp\/v2\/tags?post=253873"}],"curies":[{"name":"wp","href":"https:\/\/api.w.org\/{rel}","templated":true}]}}