{"id":253883,"date":"2025-12-10T07:51:12","date_gmt":"2025-12-10T07:51:12","guid":{"rendered":"https:\/\/www.europesays.com\/it\/253883\/"},"modified":"2025-12-10T07:51:12","modified_gmt":"2025-12-10T07:51:12","slug":"malika-ayane-illumina-i-silenzi-di-brokeback-mountain-il-mio-ascensore-sociale-e-stato-la-cultura-e-a-milano-funziona","status":"publish","type":"post","link":"https:\/\/www.europesays.com\/it\/253883\/","title":{"rendered":"Malika Ayane illumina i silenzi di \u00abBrokeback Mountain\u00bb: \u00abIl mio ascensore sociale \u00e8 stato la cultura. E a Milano funziona\u00bb"},"content":{"rendered":"<p>    di<br \/>\n    Daniela Zacconi<\/p>\n<p class=\"summary-art is-line-h-12\">La cantante \u00e8 la narratrice-cantante nello spettacolo in scena al Teatro Carcano. \u00abMilano attraversa un periodo confuso ma sa dare opportunit\u00e0\u00bb<\/p>\n<p class=\"chapter-paragraph\">Curiosa, appassionata, versatile: sono poche le popstar che tengono il passo di <b>Malika Ayane e dei suoi tanti e diversi panni artistici. <\/b>L\u2019ultimo \u00e8 il ruolo di <b>narratrice-cantante in \u00abBrokeback Mountain\u00bb<\/b>, commedia teatrale che Ashley Robinson adatt\u00f2 nel 2023 per le ribalte londinesi dal racconto di Annie Proulx che aveva ispirato il film di Ang Lee (vincitore di Oscar e Leone d\u2019Oro). Storia di amori maschili, ma non solo, nell\u2019America rurale e desolata degli anni \u201860, la \u00abcommedia con musiche\u00bb con lo score di Dan Gillespie Sells dopo una cinquantina di repliche da stasera  arriva al  Carcano (anche produttore). Adattata e diretta da Giancarlo Nicoletti, interpretata da Edoardo Purgatori e Filippo Contri nei due ruoli cardine di Ennis e Jack (i giovani pastori che, complice la solitudine dei pascoli montani, si lasciano travolgere da un sentimento reciproco che nasconderanno poi tutta la vita), la pi\u00e8ce \u00e8 connotata dalla <b>presenza musicale di Malika e della band diretta da Marco Bosco.<\/b><\/p>\n<p class=\"chapter-paragraph\">\u00ab<b>Il mio personaggio \u00e8 fisico ma rappresenta la parte pi\u00f9 eterea del racconto<\/b> \u2014 spiega la cantante, in passato protagonista dei musical Evita e Cats \u2014. Sono molto fiera di questa creatura. Portiamo a teatro un lavoro che, nel racconto come nel film, \u00e8 ambientato in spazi sconfinati che possono vivere di silenzi. L\u2019idea dell\u2019adattamento teatrale \u00e8 stata quella di integrare il senso della vista con il linguaggio musicale a cui \u00e8 affidato il compito di scatenare l\u2019emotivit\u00e0. E abbiamo scelto di lasciare i testi della canzoni in inglese perch\u00e9 la musica \u00e8 un linguaggio non verbale e le informazioni passano ugualmente: sia quelle pi\u00f9 descrittive della prima parte, sia quelle pi\u00f9 emozionali della seconda, sorta di parafrasi musicali dei dialoghi. Infine l\u2019arrangiamento curato da Marco Bosco \u00e8 concepito perch\u00e9 l\u2019estetica del suono sia coerente con l\u2019evoluzione cronologica della storia: dal blues da saloon alle sonorit\u00e0 degli anni \u201880\u00bb.    &#13;<br \/>\n&#13;<br \/>\n&#13;<br \/>\n&#13;<br \/>\n&#13;<br \/>\n&#13;<br \/>\n&#13;<br \/>\n&#13;<br \/>\n&#13;<br \/>\n&#13;<br \/>\n&#13;<br \/>\n&#13;<br \/>\n&#13;<br \/>\n&#13;<br \/>\n&#13;<br \/>\n&#13;<br \/>\n&#13;<br \/>\n&#13;<br \/>\n&#13;<br \/>\n&#13;<br \/>\n&#13;<br \/>\n&#13;<br \/>\n&#13;<br \/>\n&#13;<br \/>\n&#13;<br \/>\n&#13;<br \/>\n&#13;<br \/>\n&#13;<br \/>\n&#13;<br \/>\n&#13;<br \/>\n&#13;<br \/>\n&#13;<br \/>\n&#13;<br \/>\n&#13;<br \/>\n&#13;<br \/>\n&#13;<br \/>\n&#13;<br \/>\n&#13;<br \/>\n&#13;<br \/>\n&#13;<br \/>\n&#13;<br \/>\n&#13;<br \/>\n&#13;<br \/>\n&#13;<br \/>\n&#13;<br \/>\n&#13;<br \/>\n&#13;<br \/>\n&#13;<br \/>\n&#13;<br \/>\n&#13;<br \/>\n&#13;<br \/>\n&#13;<br \/>\n&#13;\n<\/p>\n<p class=\"chapter-paragraph\">Musica e teatro si intrecciano per raccontare una storia di innegabile impatto emotivo. \u00abSe vent\u2019anni fa l\u2019attenzione poteva essere sull\u2019amore gay fra due cowboy \u2014 prosegue Malika \u2014, <b>oggi penso che sia la vicenda di due persone e dei loro traumi: un racconto di solitudini e incomunicabilit\u00e0.<\/b> La magia del teatro sta nel fare emergere dettagli diversi a seconda di come ogni sera interagiscono i personaggi. O di come suoniamo noi: dando maggior peso al lato drammatico o alla parte pi\u00f9 leggera della storia\u00bb. Un\u2019esperienza in ogni caso di forte coinvolgimento per Malika. \u00abPer una persona che usa il proprio strumento vocale per raccontare storie o emozioni, l\u2019esperienza teatrale non si pu\u00f2 svincolare dal progetto musicale complessivo \u2014 conclude la cantante, fra i protagonisti del prossimo Sanremo \u2014. Tutto si amalgama. Ultimamente mi sono resa conto del privilegio dei miei studi con Bruno Casoni nel Coro di Voci bianche della Scala. \u00c8 un concetto prezioso pensare che gli studi e la carriera possano cambiare la vita. <b>Milano ha sempre offerto simili opportunit\u00e0, lo fa ancora oggi <\/b>malgrado la citt\u00e0 attraversi un periodo un po\u2019 confuso. Ho costruito il mio \u201cascensore sociale\u201d attraverso la cultura e credo sia una fortuna sapere c<b>he ti puoi emancipare nella citt\u00e0 dove vivi, senza dover andare via<\/b>\u00bb.<\/p>\n<p>    Dove e quando<\/p>\n<p class=\"chapter-paragraph\">\u00abBrokeback Mountain\u00bb dal 10 al 13 dicembre il Teatro Carcano (ore 19.30, corso di Porta Romana 63, tel. 02.55181362; sab. ore 15.30 e 20.30; biglietti 42\/28,35 euro). La commedia con musica di Ashley Robinson adattata e diretta da Giancarlo Nicoletti dal romanzo di Annie Proulx \u00e8 interpretata da Edoardo Purgatori e Filippo Contri e con la voce di Malika Ayane.<\/p>\n<p class=\"is-mr-t-20 is-mr-b-20\"><b><br \/>\n                    <a href=\"https:\/\/milano.corriere.it\/?intcmp=Notizielocali_nd_010623_corriere_ss_milano\" target=\"_blank\" rel=\"nofollow noopener\">Vai a tutte le notizie di Milano<\/a><br \/>\n            <\/b><\/p>\n<p class=\"chapter-paragraph\"><b><a href=\"https:\/\/www.corriere.it\/newsletter\/?theme=41&amp;intcmp=IIIcolonna_NL_CorMilano\" target=\"_blank\" rel=\"nofollow noopener\">Iscriviti alla newsletter di Corriere Milano<\/a><\/b><\/p>\n<p class=\"is-last-update\" datetime=\"2025-12-10T07:55:00+01:00\">10 dicembre 2025 ( modifica il 10 dicembre 2025 | 07:54)<\/p>\n<p class=\"is-copyright\">\n            \u00a9 RIPRODUZIONE RISERVATA\n        <\/p>\n","protected":false},"excerpt":{"rendered":"di Daniela Zacconi La cantante \u00e8 la narratrice-cantante nello spettacolo in scena al Teatro Carcano. \u00abMilano attraversa un&hellip;\n","protected":false},"author":3,"featured_media":253884,"comment_status":"","ping_status":"","sticky":false,"template":"","format":"standard","meta":{"footnotes":""},"categories":[1443],"tags":[149242,149243,149244,98430,149245,9745,149246,149247,42053,149248,149237,38650,149238,149239,2942,149240,5205,49236,149249,1644,5631,149250,149251,2391,25904,104660,149252,203,4876,9435,137262,454,325,204,1537,90,89,149236,149241,28,58429,1538,1539,18744,12343,1567,4868,4887],"class_list":{"0":"post-253883","1":"post","2":"type-post","3":"status-publish","4":"format-standard","5":"has-post-thumbnail","7":"category-musica","8":"tag-adattata","9":"tag-adattata-diretta","10":"tag-adattata-diretta-giancarlo","11":"tag-annie","12":"tag-annie-proulx","13":"tag-ascensore","14":"tag-ascensore-sociale","15":"tag-ascensore-sociale-cultura","16":"tag-ashley","17":"tag-ashley-robinson","18":"tag-ayane","19":"tag-bosco","20":"tag-brokeback","21":"tag-brokeback-mountain","22":"tag-cantante","23":"tag-carcano","24":"tag-commedia","25":"tag-confuso","26":"tag-contri","27":"tag-cultura","28":"tag-diretta","29":"tag-diretta-giancarlo","30":"tag-diretta-giancarlo-nicoletti","31":"tag-diversi","32":"tag-edoardo","33":"tag-edoardo-purgatori","34":"tag-edoardo-purgatori-filippo","35":"tag-entertainment","36":"tag-esperienza","37":"tag-filippo","38":"tag-filippo-contri","39":"tag-film","40":"tag-giancarlo","41":"tag-intrattenimento","42":"tag-it","43":"tag-italia","44":"tag-italy","45":"tag-malika","46":"tag-malika-ayane","47":"tag-milano","48":"tag-mountain","49":"tag-music","50":"tag-musica","51":"tag-musicale","52":"tag-racconto","53":"tag-storia","54":"tag-teatrale","55":"tag-teatro"},"share_on_mastodon":{"url":"","error":"Validation failed: Text character limit of 500 exceeded"},"_links":{"self":[{"href":"https:\/\/www.europesays.com\/it\/wp-json\/wp\/v2\/posts\/253883","targetHints":{"allow":["GET"]}}],"collection":[{"href":"https:\/\/www.europesays.com\/it\/wp-json\/wp\/v2\/posts"}],"about":[{"href":"https:\/\/www.europesays.com\/it\/wp-json\/wp\/v2\/types\/post"}],"author":[{"embeddable":true,"href":"https:\/\/www.europesays.com\/it\/wp-json\/wp\/v2\/users\/3"}],"replies":[{"embeddable":true,"href":"https:\/\/www.europesays.com\/it\/wp-json\/wp\/v2\/comments?post=253883"}],"version-history":[{"count":0,"href":"https:\/\/www.europesays.com\/it\/wp-json\/wp\/v2\/posts\/253883\/revisions"}],"wp:featuredmedia":[{"embeddable":true,"href":"https:\/\/www.europesays.com\/it\/wp-json\/wp\/v2\/media\/253884"}],"wp:attachment":[{"href":"https:\/\/www.europesays.com\/it\/wp-json\/wp\/v2\/media?parent=253883"}],"wp:term":[{"taxonomy":"category","embeddable":true,"href":"https:\/\/www.europesays.com\/it\/wp-json\/wp\/v2\/categories?post=253883"},{"taxonomy":"post_tag","embeddable":true,"href":"https:\/\/www.europesays.com\/it\/wp-json\/wp\/v2\/tags?post=253883"}],"curies":[{"name":"wp","href":"https:\/\/api.w.org\/{rel}","templated":true}]}}