{"id":253885,"date":"2025-12-10T07:52:11","date_gmt":"2025-12-10T07:52:11","guid":{"rendered":"https:\/\/www.europesays.com\/it\/253885\/"},"modified":"2025-12-10T07:52:11","modified_gmt":"2025-12-10T07:52:11","slug":"la-mia-africa-compie-40-anni-il-libro-che-ha-ispirato-il-film-il-ruolo-offerto-a-audrey-hepburn-7-segreti","status":"publish","type":"post","link":"https:\/\/www.europesays.com\/it\/253885\/","title":{"rendered":"\u00abLa mia Africa\u00bb compie 40 anni: il libro che ha ispirato il film, il ruolo offerto a Audrey Hepburn, 7 segreti"},"content":{"rendered":"<p class=\"chapter-paragraph\">Arrivava nelle sale statunitensi il 18 dicembre 1985 \u00abLa mia Africa\u00bb, film diretto da\u00a0Sydney Pollack, ispirato all&#8217;omonimo romanzo autobiografico della baronessa e scrittrice Karen Blixen (1885-1962, interpretata da Meryl Streep). La pellicola usc\u00ec in occasione del centenario della nascita di\u00a0Blixen, che si trasfer\u00ec in Africa poco prima dello scoppio della Prima guerra mondiale e l\u00ec visse fino al 1931. E questa non \u00e8 l&#8217;unica curiosit\u00e0.<\/p>\n","protected":false},"excerpt":{"rendered":"Arrivava nelle sale statunitensi il 18 dicembre 1985 \u00abLa mia Africa\u00bb, film diretto da\u00a0Sydney Pollack, ispirato all&#8217;omonimo romanzo&hellip;\n","protected":false},"author":3,"featured_media":253886,"comment_status":"","ping_status":"","sticky":false,"template":"","format":"standard","meta":{"footnotes":""},"categories":[1442],"tags":[3623,3960,10404,10405,149255,111660,111661,149253,138916,1888,203,454,111664,204,11204,1537,90,89,31902,149254,68863,1677,1521,68862],"class_list":{"0":"post-253885","1":"post","2":"type-post","3":"status-publish","4":"format-standard","5":"has-post-thumbnail","7":"category-film","8":"tag-africa","9":"tag-alcune","10":"tag-arrivava","11":"tag-arrivava-sale","12":"tag-arrivava-sale-statunitensi","13":"tag-audrey","14":"tag-audrey-hepburn","15":"tag-blixen","16":"tag-denys","17":"tag-dicembre","18":"tag-entertainment","19":"tag-film","20":"tag-hepburn","21":"tag-intrattenimento","22":"tag-ispirato","23":"tag-it","24":"tag-italia","25":"tag-italy","26":"tag-karen","27":"tag-karen-blixen","28":"tag-meryl","29":"tag-meryl-streep","30":"tag-movies","31":"tag-streep"},"share_on_mastodon":{"url":"https:\/\/pubeurope.com\/@it\/115694191192163308","error":""},"_links":{"self":[{"href":"https:\/\/www.europesays.com\/it\/wp-json\/wp\/v2\/posts\/253885","targetHints":{"allow":["GET"]}}],"collection":[{"href":"https:\/\/www.europesays.com\/it\/wp-json\/wp\/v2\/posts"}],"about":[{"href":"https:\/\/www.europesays.com\/it\/wp-json\/wp\/v2\/types\/post"}],"author":[{"embeddable":true,"href":"https:\/\/www.europesays.com\/it\/wp-json\/wp\/v2\/users\/3"}],"replies":[{"embeddable":true,"href":"https:\/\/www.europesays.com\/it\/wp-json\/wp\/v2\/comments?post=253885"}],"version-history":[{"count":0,"href":"https:\/\/www.europesays.com\/it\/wp-json\/wp\/v2\/posts\/253885\/revisions"}],"wp:featuredmedia":[{"embeddable":true,"href":"https:\/\/www.europesays.com\/it\/wp-json\/wp\/v2\/media\/253886"}],"wp:attachment":[{"href":"https:\/\/www.europesays.com\/it\/wp-json\/wp\/v2\/media?parent=253885"}],"wp:term":[{"taxonomy":"category","embeddable":true,"href":"https:\/\/www.europesays.com\/it\/wp-json\/wp\/v2\/categories?post=253885"},{"taxonomy":"post_tag","embeddable":true,"href":"https:\/\/www.europesays.com\/it\/wp-json\/wp\/v2\/tags?post=253885"}],"curies":[{"name":"wp","href":"https:\/\/api.w.org\/{rel}","templated":true}]}}