{"id":254210,"date":"2025-12-10T12:22:20","date_gmt":"2025-12-10T12:22:20","guid":{"rendered":"https:\/\/www.europesays.com\/it\/254210\/"},"modified":"2025-12-10T12:22:20","modified_gmt":"2025-12-10T12:22:20","slug":"adesso-mi-sveglio-e-per-me-la-mattina-ha-un-senso","status":"publish","type":"post","link":"https:\/\/www.europesays.com\/it\/254210\/","title":{"rendered":"Adesso mi sveglio e per me la mattina ha un senso"},"content":{"rendered":"<p>Tommaso <a href=\"https:\/\/www.today.it\/persone\/tommaso-paradiso\/\" rel=\"nofollow noopener\" target=\"_blank\">Paradiso <\/a>torna sulla scena musicale con Casa Paradiso, un album che porta nel titolo molto pi\u00f9 di un semplice gioco di parole. \u201cSono ossessionato dalle case. Nel mio tempo libero trascorro ore sui siti immobiliari\u201d, ha raccontato il cantautore romano al settimanale Chi, in edicola questa settimana, spiegando come la sua passione per gli ambienti domestici sia ormai parte integrante della sua identit\u00e0. \u201cSono amico di molti agenti immobiliari a Roma, che ogni tanto mi chiamano e mi chiedono consigli sulle zone dove prendere case. A 42 anni per me la casa \u00e8 il luogo pi\u00f9 importante del mondo\u201d.<\/p>\n<p>Un\u2019ossessione che diventa quasi paradossale in questo momento della sua vita: \u201cHo appena venduto la mia e non ne ho comprata una nuova, quindi pu\u00f2 immaginare quando sia felice la mia compagna con la bambina, il cane, la tata e noi per strada! Spero andr\u00e0 a buon fin la trattativa perch\u00e9 ne ho gi\u00e0 puntata una\u201d, scherza Paradiso, lasciando intendere che un nuovo nido familiare \u00e8 gi\u00e0 nei suoi piani.<\/p>\n<p>La nascita della figlia Anna gli ha cambiato la vita<\/p>\n<p><a href=\"https:\/\/www.today.it\/vision\/musica\/tommaso-paradiso-figlia-nome-foto.html\" rel=\"nofollow noopener\" target=\"_blank\">Con la nascita di Anna<\/a>, il cantautore \u00e8 tornato a vivere immerso in un mondo tutto femminile, una realt\u00e0 che in fondo non gli \u00e8 nuova: \u201cA casa mia comandano le donne. Sono nato da una famiglia monogenitoriale, ho conosciuto solo mia mamma, vivevo con cinque sorelle e una nonna. E ora vivo con Carolina e mia figlia\u201d.<\/p>\n<p>Paradiso non nasconde quanto la paternit\u00e0 lo abbia trasformato nel profondo. \u201cSto attento a cose a cui prima non davo peso, fumo solo in terrazzo e mai quando poi devo abbracciarla, in casa sto in punta di piedi, cerco di non fare rumore, di non svegliarla\u201d, racconta. La sua vita quotidiana, oggi, ruota attorno ai tempi e ai bisogni della bambina: \u201cPasso molto tempo a casa e mia figlia me la godo da quando apre gli occhi a quando va a dormire. Adesso mi sveglio e per me la mattina ha un senso. \u00c8 una cosa stupenda\u201d.<\/p>\n<p>Presto arriver\u00e0 un brano per Anna<\/p>\n<p>Casa Paradiso era gi\u00e0 stato completato quando Anna \u00e8 nata, ed \u00e8 per questo che nell\u2019album non c\u2019\u00e8 una canzone a lei dedicata. Ma il cantautore promette che non mancher\u00e0: \u201cUna cosa del genere ti rivoluziona la vita e un cantautore come me non pu\u00f2 non trasportare quelle emozioni in musica, quindi il brano dedicato a lei arriver\u00e0\u201d.<\/p>\n<p>Con una nuova casa all\u2019orizzonte, una famiglia che cresce e un cuore pieno di ispirazione, Tommaso Paradiso \u00e8 pronto per Sanremo: il cantautore, infatti, \u00e8 uno dei big del Festival della canzone italiana.<\/p>\n<p>\u00a0<\/p>\n","protected":false},"excerpt":{"rendered":"Tommaso Paradiso torna sulla scena musicale con Casa Paradiso, un album che porta nel titolo molto pi\u00f9 di&hellip;\n","protected":false},"author":3,"featured_media":254211,"comment_status":"","ping_status":"","sticky":false,"template":"","format":"standard","meta":{"footnotes":""},"categories":[1443],"tags":[203,204,1537,90,89,1538,1539,74348],"class_list":{"0":"post-254210","1":"post","2":"type-post","3":"status-publish","4":"format-standard","5":"has-post-thumbnail","7":"category-musica","8":"tag-entertainment","9":"tag-intrattenimento","10":"tag-it","11":"tag-italia","12":"tag-italy","13":"tag-music","14":"tag-musica","15":"tag-tommaso-paradiso"},"share_on_mastodon":{"url":"https:\/\/pubeurope.com\/@it\/115695251877555840","error":""},"_links":{"self":[{"href":"https:\/\/www.europesays.com\/it\/wp-json\/wp\/v2\/posts\/254210","targetHints":{"allow":["GET"]}}],"collection":[{"href":"https:\/\/www.europesays.com\/it\/wp-json\/wp\/v2\/posts"}],"about":[{"href":"https:\/\/www.europesays.com\/it\/wp-json\/wp\/v2\/types\/post"}],"author":[{"embeddable":true,"href":"https:\/\/www.europesays.com\/it\/wp-json\/wp\/v2\/users\/3"}],"replies":[{"embeddable":true,"href":"https:\/\/www.europesays.com\/it\/wp-json\/wp\/v2\/comments?post=254210"}],"version-history":[{"count":0,"href":"https:\/\/www.europesays.com\/it\/wp-json\/wp\/v2\/posts\/254210\/revisions"}],"wp:featuredmedia":[{"embeddable":true,"href":"https:\/\/www.europesays.com\/it\/wp-json\/wp\/v2\/media\/254211"}],"wp:attachment":[{"href":"https:\/\/www.europesays.com\/it\/wp-json\/wp\/v2\/media?parent=254210"}],"wp:term":[{"taxonomy":"category","embeddable":true,"href":"https:\/\/www.europesays.com\/it\/wp-json\/wp\/v2\/categories?post=254210"},{"taxonomy":"post_tag","embeddable":true,"href":"https:\/\/www.europesays.com\/it\/wp-json\/wp\/v2\/tags?post=254210"}],"curies":[{"name":"wp","href":"https:\/\/api.w.org\/{rel}","templated":true}]}}