{"id":254224,"date":"2025-12-10T12:29:12","date_gmt":"2025-12-10T12:29:12","guid":{"rendered":"https:\/\/www.europesays.com\/it\/254224\/"},"modified":"2025-12-10T12:29:12","modified_gmt":"2025-12-10T12:29:12","slug":"nella-societa-di-oggi-la-morte-e-un-tabu-il-tempo","status":"publish","type":"post","link":"https:\/\/www.europesays.com\/it\/254224\/","title":{"rendered":"&#8220;Nella societ\u00e0 di oggi la morte \u00e8 un tab\u00f9&#8221; \u2013 Il Tempo"},"content":{"rendered":"<p>            <img decoding=\"async\" src=\"https:\/\/www.europesays.com\/it\/wp-content\/uploads\/2025\/12\/093458310-74abf864-6dad-41e9-b7be-f4d40909e036.jpg\" class=\"lazy\" alt=\"\"\/><\/p>\n<p>\t\t\t\t\t\t\t<a href=\"\" class=\"author\">Redazione<\/a><\/p>\n<p>\t\t\t\t\t\t\t10 dicembre 2025<\/p>\n<p>Nella societ\u00e0 odierna &#8220;la morte appare una specie di tab\u00f9, un evento da tenere lontano; qualcosa di cui parlare sottovoce, per evitare di turbare la nostra sensibilit\u00e0 e tranquillit\u00e0. Spesso per questo si evita anche di visitare i cimiteri, dove chi ci ha preceduto riposa in attesa della risurrezione&#8221;. Lo ha detto Papa Leone XIV nel corso dell&#8217;udienza generale del mercoled\u00ec in Piazza San Pietro. In merito a questo il Papa ha aggiunto che questo tab\u00f9 della morte si lega al fatto che &#8220;abbiamo la certezza che questo evento accadr\u00e0, sebbene ne ignoriamo il come e il quando. Ci scopriamo consapevoli e allo stesso tempo impotenti. Probabilmente da qui provengono le frequenti rimozioni, le fughe esistenziali davanti alla questione della morte&#8221;.<\/p>\n","protected":false},"excerpt":{"rendered":"Redazione 10 dicembre 2025 Nella societ\u00e0 odierna &#8220;la morte appare una specie di tab\u00f9, un evento da tenere&hellip;\n","protected":false},"author":3,"featured_media":254225,"comment_status":"","ping_status":"","sticky":false,"template":"","format":"standard","meta":{"footnotes":""},"categories":[160],"tags":[14,164,165,166,7,15,690,11,167,12,168,161,162,163],"class_list":{"0":"post-254224","1":"post","2":"type-post","3":"status-publish","4":"format-standard","5":"has-post-thumbnail","7":"category-mondo","8":"tag-cronaca","9":"tag-dal-mondo","10":"tag-dalmondo","11":"tag-mondo","12":"tag-news","13":"tag-notizie","14":"tag-papa","15":"tag-ultime-notizie","16":"tag-ultime-notizie-di-mondo","17":"tag-ultimenotizie","18":"tag-ultimenotiziedimondo","19":"tag-world","20":"tag-world-news","21":"tag-worldnews"},"share_on_mastodon":{"url":"https:\/\/pubeurope.com\/@it\/115695279578992662","error":""},"_links":{"self":[{"href":"https:\/\/www.europesays.com\/it\/wp-json\/wp\/v2\/posts\/254224","targetHints":{"allow":["GET"]}}],"collection":[{"href":"https:\/\/www.europesays.com\/it\/wp-json\/wp\/v2\/posts"}],"about":[{"href":"https:\/\/www.europesays.com\/it\/wp-json\/wp\/v2\/types\/post"}],"author":[{"embeddable":true,"href":"https:\/\/www.europesays.com\/it\/wp-json\/wp\/v2\/users\/3"}],"replies":[{"embeddable":true,"href":"https:\/\/www.europesays.com\/it\/wp-json\/wp\/v2\/comments?post=254224"}],"version-history":[{"count":0,"href":"https:\/\/www.europesays.com\/it\/wp-json\/wp\/v2\/posts\/254224\/revisions"}],"wp:featuredmedia":[{"embeddable":true,"href":"https:\/\/www.europesays.com\/it\/wp-json\/wp\/v2\/media\/254225"}],"wp:attachment":[{"href":"https:\/\/www.europesays.com\/it\/wp-json\/wp\/v2\/media?parent=254224"}],"wp:term":[{"taxonomy":"category","embeddable":true,"href":"https:\/\/www.europesays.com\/it\/wp-json\/wp\/v2\/categories?post=254224"},{"taxonomy":"post_tag","embeddable":true,"href":"https:\/\/www.europesays.com\/it\/wp-json\/wp\/v2\/tags?post=254224"}],"curies":[{"name":"wp","href":"https:\/\/api.w.org\/{rel}","templated":true}]}}