{"id":255165,"date":"2025-12-11T02:36:16","date_gmt":"2025-12-11T02:36:16","guid":{"rendered":"https:\/\/www.europesays.com\/it\/255165\/"},"modified":"2025-12-11T02:36:16","modified_gmt":"2025-12-11T02:36:16","slug":"ust-global-diventa-azionista-di-maggioranza","status":"publish","type":"post","link":"https:\/\/www.europesays.com\/it\/255165\/","title":{"rendered":"UST Global diventa azionista di maggioranza"},"content":{"rendered":"<p>        Cosa cambia per Italdesign<\/p>\n<p class=\"article-text\">Ora UST potr\u00e0 unire le sue competenze nell\u2019intelligenza artificiale, nello sviluppo di veicoli software-defined e nella progettazione di ecosistemi digitali con il know-how di Italdesign nel design e nell\u2019ingegnerizzazione dei veicoli e dei prodotti industriali, nella prototipazione, nella produzione di piccole serie e nell\u2019elettronica automotive.\u00a0<\/p>\n<p class=\"article-text\">Nel comunicato di ufficializzazione della cessione, si parla anche della possibilit\u00e0 per le due aziende di <b>&#8220;offrire un portfolio completo e integrato di servizi<\/b>\u00a0&#8211; dall\u2019ideazione e design iniziale allo sviluppo hardware e software fino ai sistemi di produzione &#8211; per supportare lo sviluppo di veicoli moderni e digitalmente avanzati&#8221;. Inoltre, UST vuole sfruttare la sua rete in oltre 30 Paesi per <b>ampliare la presenza internazionale di Italdesign<\/b>. Quanto alla forza lavoro, l&#8217;acquirente si limita ad affermare che &#8220;in\u00a0qualit\u00e0 di nuovo azionista di maggioranza&#8221;, assumer\u00e0 &#8220;la responsabilit\u00e0 operativa, valorizzando e rafforzando l\u2019eredit\u00e0 italiana, la cultura del design e il talento dei dipendenti&#8221; dell&#8217;azienda torinese.<\/p>\n<p class=\"article-text\">Infine, <b>il ruolo di partner strategico di lungo periodo dell&#8217;Audi \u00e8 volto a garantire &#8220;continuit\u00e0 e collaborazione nelle aree che hanno definito la reputazione dell\u2019azienda<\/b> per oltre cinque decenni&#8221;.\u00a0<b>Antonio Casu<\/b>, amministratore delegato di Italdesign, \u00e8 convinto che la &#8220;partnership porter\u00e0 benefici a tutte le parti coinvolte&#8221; e consentir\u00e0 all&#8217;azienda &#8220;di accelerare l\u2019espansione del proprio portafoglio di servizi in nuovi mercati e di ottenere una penetrazione pi\u00f9 profonda in diversi mercati internazionali&#8221;. Per\u00a0<b>Geoffrey Bouquot<\/b>, responsabile sviluppo tecnico di Audi, la collaborazione\u00a0&#8220;continuer\u00e0 a generare successo e risultati solidi sotto la nuova struttura proprietaria: Ust \u00e8 il partner ideale per rafforzare le solide basi di Italdesign e aprire nuove opportunit\u00e0 di mercato&#8221;. Infine <b>Krishna Sudheendra<\/b>, Ceo di Ust, ha assicurato l&#8217;obiettivo di &#8220;sostenere la visione di Italdesign, onorarne l\u2019eredit\u00e0 e portare nuove capacit\u00e0 che aiutino il team a crescere ulteriormente&#8221;.\u00a0<\/p>\n","protected":false},"excerpt":{"rendered":"Cosa cambia per Italdesign Ora UST potr\u00e0 unire le sue competenze nell\u2019intelligenza artificiale, nello sviluppo di veicoli software-defined&hellip;\n","protected":false},"author":3,"featured_media":255166,"comment_status":"","ping_status":"","sticky":false,"template":"","format":"standard","meta":{"footnotes":"","_share_on_mastodon":"0"},"categories":[172],"tags":[178,177,1537,100892,90,89],"class_list":["post-255165","post","type-post","status-publish","format-standard","has-post-thumbnail","category-affari","tag-affari","tag-business","tag-it","tag-italdesign","tag-italia","tag-italy"],"share_on_mastodon":{"url":"https:\/\/pubeurope.com\/@it\/115698609978730652","error":""},"_links":{"self":[{"href":"https:\/\/www.europesays.com\/it\/wp-json\/wp\/v2\/posts\/255165","targetHints":{"allow":["GET"]}}],"collection":[{"href":"https:\/\/www.europesays.com\/it\/wp-json\/wp\/v2\/posts"}],"about":[{"href":"https:\/\/www.europesays.com\/it\/wp-json\/wp\/v2\/types\/post"}],"author":[{"embeddable":true,"href":"https:\/\/www.europesays.com\/it\/wp-json\/wp\/v2\/users\/3"}],"replies":[{"embeddable":true,"href":"https:\/\/www.europesays.com\/it\/wp-json\/wp\/v2\/comments?post=255165"}],"version-history":[{"count":0,"href":"https:\/\/www.europesays.com\/it\/wp-json\/wp\/v2\/posts\/255165\/revisions"}],"wp:featuredmedia":[{"embeddable":true,"href":"https:\/\/www.europesays.com\/it\/wp-json\/wp\/v2\/media\/255166"}],"wp:attachment":[{"href":"https:\/\/www.europesays.com\/it\/wp-json\/wp\/v2\/media?parent=255165"}],"wp:term":[{"taxonomy":"category","embeddable":true,"href":"https:\/\/www.europesays.com\/it\/wp-json\/wp\/v2\/categories?post=255165"},{"taxonomy":"post_tag","embeddable":true,"href":"https:\/\/www.europesays.com\/it\/wp-json\/wp\/v2\/tags?post=255165"}],"curies":[{"name":"wp","href":"https:\/\/api.w.org\/{rel}","templated":true}]}}