{"id":255740,"date":"2025-12-11T12:09:10","date_gmt":"2025-12-11T12:09:10","guid":{"rendered":"https:\/\/www.europesays.com\/it\/255740\/"},"modified":"2025-12-11T12:09:10","modified_gmt":"2025-12-11T12:09:10","slug":"leader-piu-potenti-deuropa-la-classifica-di-politico-il-primo-e-trump-nona-meloni-e-putin-e-quinto","status":"publish","type":"post","link":"https:\/\/www.europesays.com\/it\/255740\/","title":{"rendered":"Leader pi\u00f9 potenti d&#8217;Europa, la classifica di \u00abPolitico\u00bb: \u00abIl primo \u00e8 Trump, nona Meloni. E Putin \u00e8 quinto\u00bb"},"content":{"rendered":"<p>    di<br \/>\n    Alessandra Muglia<\/p>\n<p class=\"summary-art is-line-h-12\">La classifica di Politico mostra che gli europei condividono l\u2019opinione del presidente Usa secondo cui i loro leader sono \u00abdeboli\u00bb<\/p>\n<p class=\"chapter-paragraph\"><b>Donald Trump<\/b>, in calo di popolarit\u00e0 negli Usa, svetta invece come leader pi\u00f9 influente in Europa. Mentre in casa perde colpi per via del carovita e della sua politica anti immigrati (lo ha ammesso lui stesso per la prima volta due settimane fa: \u00abi miei sondaggi sono un po\u2019 scesi\u00bb), primeggia nella <a href=\"https:\/\/www.politico.eu\/politico-28-class-of-2026\/\" rel=\"nofollow noreferrer noopener\" target=\"_blank\">classifica delle persone pi\u00f9 potenti nel Vecchio continente stilata dal sito Politico Europe<\/a>.\u00a0<\/p>\n<p class=\"chapter-paragraph\">Nella lista &#8211; stilata ogni anno dal giornale insieme con l\u2019istituto Public First &#8211; il primo posto del podio spetta al tycoon che evidentemente non ha bisogno di sedere ai tavoli di Bruxelles per influenzarli: nessuno avrebbe inciso pi\u00f9 di lui sulle decisioni prese nelle capitali del continente. Come a dire che l\u2019Europa viene vista pi\u00f9 come in balia di agende altrui che un soggetto capace di influenzare il resto del mondo.    &#13;<br \/>\n&#13;<br \/>\n&#13;<br \/>\n&#13;<br \/>\n&#13;<br \/>\n&#13;<br \/>\n&#13;<br \/>\n&#13;<br \/>\n&#13;<br \/>\n&#13;<br \/>\n&#13;<br \/>\n&#13;<br \/>\n&#13;<br \/>\n&#13;<br \/>\n&#13;<br \/>\n&#13;<br \/>\n&#13;<br \/>\n&#13;<br \/>\n&#13;<br \/>\n&#13;<br \/>\n&#13;<br \/>\n&#13;<br \/>\n&#13;<br \/>\n&#13;<br \/>\n&#13;<br \/>\n&#13;<br \/>\n&#13;<br \/>\n&#13;<br \/>\n&#13;<br \/>\n&#13;<br \/>\n&#13;<br \/>\n&#13;<br \/>\n&#13;<br \/>\n&#13;<br \/>\n&#13;<br \/>\n&#13;<br \/>\n&#13;<br \/>\n&#13;<br \/>\n&#13;<br \/>\n&#13;<br \/>\n&#13;<br \/>\n&#13;<br \/>\n&#13;<br \/>\n&#13;<br \/>\n&#13;<br \/>\n&#13;<br \/>\n&#13;<br \/>\n&#13;<br \/>\n&#13;<br \/>\n&#13;<br \/>\n&#13;<br \/>\n&#13;<br \/>\n&#13;\n<\/p>\n<p class=\"chapter-paragraph\">Il <a href=\"https:\/\/www.politico.eu\/article\/donald-trump-european-politics-poll\/\" rel=\"nofollow noreferrer noopener\" target=\"_blank\">sondaggio online<\/a>, che ha coinvolto oltre <b>10mila intervistati <\/b>provenienti da Usa, Canada e<b> dalle tre maggiori economie europee<\/b> <b>\u2013 Germania, Francia e Regno Unito<\/b> \u2013 mostra che gli europei condividono l\u2019opinione di Trump secondo cui i loro leader sono deboli e considerano il presidente degli Stati Uniti pi\u00f9 risoluto.\u00a0<\/p>\n<p class=\"chapter-paragraph\"><b>Il paradosso \u00e8 quindi che la persona considerata pi\u00f9 potente nella politica europea non \u00e8 europea<\/b>. La presidente della Commissione Ue Ursula <b>von der Leyen si piazza soltanto settima<\/b>.\u00a0<\/p>\n<p class=\"chapter-paragraph\">Seconda dopo Trump, ma prima europea in classifica, \u00e8 la premier danese <b>Mette Frederiksen<\/b>, socialdemocratica ma con posizioni di destra sulla gestione delle frontiere: \u00e8 a favore della detenzione dei richiedenti asilo e dei rimpatri accelerati, in linea con la premier <b>Giorgia Meloni<\/b>, arrivata nona, dopo il segretario della Nato <b>Mark Rutte<\/b> ma prima del premier britannico<b> Keir Starmer<\/b>.\u00a0<\/p>\n<p class=\"chapter-paragraph\"><b>Al terzo posto<\/b> c\u2019\u00e8\u00a0<b>Friedrich Merz<\/b>, l\u2019uomo che sta infrangendo i tab\u00f9 del dopoguerra in Germania, titola politico.eu. E&#8217; l&#8217;uomo simbolo della riscossa dell&#8217;Europa davanti alla minaccia russa, il cancelliere che &#8211; con una massiccia politica di riarmo e la riattivazione della leva militare &#8211; sta guidando il nuovo posizionamento della Germania da potenza economica a leader della difesa di un&#8217;Europa costretta ora a cavarsela da sola.<\/p>\n<p class=\"chapter-paragraph\">Al quarto posto <b>Marine Le Pen,<\/b> in pole position malgrado la condanna che rischia di escluderla dalle prossime elezioni presidenziali francesi. Davanti di parecchio rispetto all\u2019attuale inquilino dell\u2019Eliseo, <b>Emmanuel Macron, solo 19esimo<\/b>: il presidente francese \u00e8 visto dai suoi stessi elettori come un leader che finora non \u00e8 riuscito a gestire efficacemente l\u2019imprevedibile presidente americano.<\/p>\n<p class=\"chapter-paragraph\">Davanti a Macron c&#8217;\u00e8 anche\u00a0 il provatissimo <b>Volodymyr Zelensky, piazzatosi quattordicesimo<\/b>. Ma Vladimir Putin \u00e8 quinto: sintesi inquitante dei rapporti di forza (percepiti) nel continente.<\/p>\n<p class=\"is-last-update\" datetime=\"2025-12-11T11:30:36+01:00\">11 dicembre 2025<\/p>\n<p class=\"is-copyright\">\n            \u00a9 RIPRODUZIONE RISERVATA\n        <\/p>\n","protected":false},"excerpt":{"rendered":"di Alessandra Muglia La classifica di Politico mostra che gli europei condividono l\u2019opinione del presidente Usa secondo cui&hellip;\n","protected":false},"author":3,"featured_media":164154,"comment_status":"","ping_status":"","sticky":false,"template":"","format":"standard","meta":{"footnotes":"","_share_on_mastodon":"0"},"categories":[160],"tags":[1932,150197,106864,150198,18429,14,164,165,37886,3085,2697,1727,150199,150200,3044,381,150201,8940,58,166,632,150202,150203,7,87125,15,34278,477,332,18600,115,135,383,150204,379,11,167,12,168,410,161,162,163],"class_list":["post-255740","post","type-post","status-publish","format-standard","has-post-thumbnail","category-mondo","tag-classifica","tag-classifica-politico","tag-condividono","tag-condividono-opinione","tag-continente","tag-cronaca","tag-dal-mondo","tag-dalmondo","tag-deboli","tag-europa","tag-europea","tag-europei","tag-europei-condividono","tag-europei-condividono-opinione","tag-germania","tag-leader","tag-leader-deboli","tag-macron","tag-meloni","tag-mondo","tag-mostra","tag-mostra-europei","tag-mostra-europei-condividono","tag-news","tag-nona","tag-notizie","tag-opinione","tag-politica","tag-politico","tag-potenti","tag-premier","tag-presidente","tag-putin","tag-putin-quinto","tag-trump","tag-ultime-notizie","tag-ultime-notizie-di-mondo","tag-ultimenotizie","tag-ultimenotiziedimondo","tag-usa","tag-world","tag-world-news","tag-worldnews"],"share_on_mastodon":{"url":"","error":"Validation failed: Text character limit of 500 exceeded"},"_links":{"self":[{"href":"https:\/\/www.europesays.com\/it\/wp-json\/wp\/v2\/posts\/255740","targetHints":{"allow":["GET"]}}],"collection":[{"href":"https:\/\/www.europesays.com\/it\/wp-json\/wp\/v2\/posts"}],"about":[{"href":"https:\/\/www.europesays.com\/it\/wp-json\/wp\/v2\/types\/post"}],"author":[{"embeddable":true,"href":"https:\/\/www.europesays.com\/it\/wp-json\/wp\/v2\/users\/3"}],"replies":[{"embeddable":true,"href":"https:\/\/www.europesays.com\/it\/wp-json\/wp\/v2\/comments?post=255740"}],"version-history":[{"count":0,"href":"https:\/\/www.europesays.com\/it\/wp-json\/wp\/v2\/posts\/255740\/revisions"}],"wp:featuredmedia":[{"embeddable":true,"href":"https:\/\/www.europesays.com\/it\/wp-json\/wp\/v2\/media\/164154"}],"wp:attachment":[{"href":"https:\/\/www.europesays.com\/it\/wp-json\/wp\/v2\/media?parent=255740"}],"wp:term":[{"taxonomy":"category","embeddable":true,"href":"https:\/\/www.europesays.com\/it\/wp-json\/wp\/v2\/categories?post=255740"},{"taxonomy":"post_tag","embeddable":true,"href":"https:\/\/www.europesays.com\/it\/wp-json\/wp\/v2\/tags?post=255740"}],"curies":[{"name":"wp","href":"https:\/\/api.w.org\/{rel}","templated":true}]}}