{"id":255960,"date":"2025-12-11T15:26:12","date_gmt":"2025-12-11T15:26:12","guid":{"rendered":"https:\/\/www.europesays.com\/it\/255960\/"},"modified":"2025-12-11T15:26:12","modified_gmt":"2025-12-11T15:26:12","slug":"venezia-ruba-una-barca-da-trasporto-piena-di-regali-di-natale-e-si-schianta-sulla-riva-davanti-al-ponte-di-rialto","status":"publish","type":"post","link":"https:\/\/www.europesays.com\/it\/255960\/","title":{"rendered":"Venezia, ruba una barca da trasporto piena di regali di Natale e si schianta sulla riva davanti al ponte di Rialto"},"content":{"rendered":"<p>La donna \u00e8 salita sull&#8217;imbarcazione e l&#8217;ha messa in moto per poi schiantarsi violentemente contro un parapetto<\/p>\n<p class=\"chapter-paragraph\">Ruba un \u00abtopo\u00bb (una tradizionale barca veneziana) pieno di pacchi da consegnare e si lancia in <b>Canal Grande <\/b>andando a finire contro la balaustra del ponte di Rialto.<b> L&#8217;imbarcazione da trasporto<\/b> della ditta Brussa era momentaneamente ormeggiata quando \u00e8 stata adocchiata da una donna &#8211;\u00a0 gi\u00e0 nota alle forze di <b>polizia<\/b>\u00a0e arrestata subito dopo-\u00a0 che senza pensarci avrebbe colto l&#8217;occasione per salirci sopra e mettersi alla guida, finendo la sua \u00abcorsa\u00bb addosso a un muretto a lato del ponte.\u00a0<\/p>\n<p>    Lo schianto<\/p>\n<p class=\"chapter-paragraph\">Le immagini dello schianto hanno subito fatto il giro della citt\u00e0, allarmando il reparto della navigazione della polizia locale, che ora sta quantificando i danni causati al manufatto dalla <b>violenta collisione<\/b>. Forte, infatti, l&#8217;impatto dell&#8217;imbarcazione contro il muretto, come testimoniano alcuni video girati da dei passanti. Nelle immagini si vede come la stessa donna, al momento dello scontro, riesca a stento a rimanere in equilibrio all&#8217;interno della grossa imbarcazione da trasporto e a non finire in acqua. <b>Come invece \u00e8 toccato a diversi pacchi<\/b>, sbalzati via anche perch\u00e9 il\u00a0\u00abtopo\u00bb era davvero carico di colli.\u00a0    &#13;<br \/>\n&#13;<br \/>\n&#13;<br \/>\n&#13;<br \/>\n&#13;<br \/>\n&#13;<br \/>\n&#13;<br \/>\n&#13;<br \/>\n&#13;<br \/>\n&#13;<br \/>\n&#13;<br \/>\n&#13;<br \/>\n&#13;<br \/>\n&#13;<br \/>\n&#13;<br \/>\n&#13;<br \/>\n&#13;<br \/>\n&#13;<br \/>\n&#13;<br \/>\n&#13;<br \/>\n&#13;<br \/>\n&#13;<br \/>\n&#13;<br \/>\n&#13;<br \/>\n&#13;<br \/>\n&#13;<br \/>\n&#13;<br \/>\n&#13;<br \/>\n&#13;<br \/>\n&#13;<br \/>\n&#13;<br \/>\n&#13;<br \/>\n&#13;<br \/>\n&#13;<br \/>\n&#13;<br \/>\n&#13;<br \/>\n&#13;<br \/>\n&#13;<br \/>\n&#13;<br \/>\n&#13;<br \/>\n&#13;<br \/>\n&#13;<br \/>\n&#13;<br \/>\n&#13;<br \/>\n&#13;<br \/>\n&#13;<br \/>\n&#13;<br \/>\n&#13;<br \/>\n&#13;<br \/>\n&#13;<br \/>\n&#13;<br \/>\n&#13;<br \/>\n&#13;\n<\/p>\n<p>    I pacchi<\/p>\n<p class=\"chapter-paragraph\">Tutto \u00e8 accaduto verso le 11.30 di oggi, gioved\u00ec 11 dicembre. Quantificare i danni richieder\u00e0 del tempo, ma la cifra \u00e8 sicuramente importante vista anche la storicit\u00e0 del manufatto.\u00a0 La donna &#8211; ventenne di origini tunisine &#8211; \u00e8 stata arrestata per furto aggravato. Resta da accertare il\u00a0motivo per il quale si sia messa all&#8217;improvviso alla guida del \u00abtopo\u00bb, andando poi via a velocit\u00e0 sostenuta. Da capire infine quanti dei<b> pacchi finiti in acqua<\/b>&#8211; probabilmente molti regali di Natale &#8211; non sono stati irrimediabilmente danneggiati dall&#8217;acqua e arriveranno sotto l&#8217;albero.\u00a0<\/p>\n<p class=\"is-last-update\" datetime=\"2025-12-11T13:35:18+01:00\">11 dicembre 2025 ( modifica il 11 dicembre 2025 | 13:35)<\/p>\n<p class=\"is-copyright\">\n            \u00a9 RIPRODUZIONE RISERVATA\n        <\/p>\n","protected":false},"excerpt":{"rendered":"La donna \u00e8 salita sull&#8217;imbarcazione e l&#8217;ha messa in moto per poi schiantarsi violentemente contro un parapetto Ruba&hellip;\n","protected":false},"author":3,"featured_media":255961,"comment_status":"","ping_status":"","sticky":false,"template":"","format":"standard","meta":{"footnotes":"","_share_on_mastodon":"0"},"categories":[6],"tags":[412,3486,19527,4119,14,420,1731,4959,3453,8,6169,150310,12272,1537,90,89,150311,13181,22267,7,15,82,9,83,10,5710,12991,13,10756,7232,11,80,84,12,81,85],"class_list":["post-255960","post","type-post","status-publish","format-standard","has-post-thumbnail","category-ultime-notizie","tag-acqua","tag-andando","tag-arrestata","tag-barca","tag-cronaca","tag-danni","tag-donna","tag-finire","tag-guida","tag-headlines","tag-imbarcazione","tag-imbarcazione-trasporto","tag-immagini","tag-it","tag-italia","tag-italy","tag-manufatto","tag-messa","tag-muretto","tag-news","tag-notizie","tag-notizie-di-cronaca","tag-notizie-principali","tag-notiziedicronaca","tag-notizieprincipali","tag-pacchi","tag-ponte","tag-titoli","tag-topo","tag-trasporto","tag-ultime-notizie","tag-ultime-notizie-di-cronaca","tag-ultime-notizie-e-news-di-oggi","tag-ultimenotizie","tag-ultimenotiziedicronaca","tag-ultimenotizieenewsdioggi"],"share_on_mastodon":{"url":"","error":"Validation failed: Text character limit of 500 exceeded"},"_links":{"self":[{"href":"https:\/\/www.europesays.com\/it\/wp-json\/wp\/v2\/posts\/255960","targetHints":{"allow":["GET"]}}],"collection":[{"href":"https:\/\/www.europesays.com\/it\/wp-json\/wp\/v2\/posts"}],"about":[{"href":"https:\/\/www.europesays.com\/it\/wp-json\/wp\/v2\/types\/post"}],"author":[{"embeddable":true,"href":"https:\/\/www.europesays.com\/it\/wp-json\/wp\/v2\/users\/3"}],"replies":[{"embeddable":true,"href":"https:\/\/www.europesays.com\/it\/wp-json\/wp\/v2\/comments?post=255960"}],"version-history":[{"count":0,"href":"https:\/\/www.europesays.com\/it\/wp-json\/wp\/v2\/posts\/255960\/revisions"}],"wp:featuredmedia":[{"embeddable":true,"href":"https:\/\/www.europesays.com\/it\/wp-json\/wp\/v2\/media\/255961"}],"wp:attachment":[{"href":"https:\/\/www.europesays.com\/it\/wp-json\/wp\/v2\/media?parent=255960"}],"wp:term":[{"taxonomy":"category","embeddable":true,"href":"https:\/\/www.europesays.com\/it\/wp-json\/wp\/v2\/categories?post=255960"},{"taxonomy":"post_tag","embeddable":true,"href":"https:\/\/www.europesays.com\/it\/wp-json\/wp\/v2\/tags?post=255960"}],"curies":[{"name":"wp","href":"https:\/\/api.w.org\/{rel}","templated":true}]}}