{"id":256055,"date":"2025-12-11T17:04:22","date_gmt":"2025-12-11T17:04:22","guid":{"rendered":"https:\/\/www.europesays.com\/it\/256055\/"},"modified":"2025-12-11T17:04:22","modified_gmt":"2025-12-11T17:04:22","slug":"masterchef-2026-da-stasera-al-via-come-e-dove-vederlo","status":"publish","type":"post","link":"https:\/\/www.europesays.com\/it\/256055\/","title":{"rendered":"MasterChef 2026, da stasera al via: come e dove vederlo"},"content":{"rendered":"<p>La <strong>quindicesima edizione<\/strong> di <a data-intcmp=\"skytg24_foglia articolo_interlink_text\" href=\"https:\/\/tg24.sky.it\/spettacolo\/tv-show\/2025\/12\/09\/masterchef-italia-2026\" target=\"_self\" rel=\"nofollow noopener\">MasterChef Italia<\/a> (<a data-intcmp=\"skytg24_foglia articolo_interlink_text\" href=\"https:\/\/tg24.sky.it\/spettacolo\/tv-show\/masterchef\" target=\"_self\" rel=\"nofollow noopener\">SPECIALE<\/a>), il cooking show Sky Original prodotto da Endemol Shine Italy, sta per iniziare e andr\u00e0 in onda <strong>da oggi gioved\u00ec 11 dicembre alle ore 21.15<\/strong> <a data-intcmp-qp=\"skytg24_foglia articolo_interlink_text\" href=\"https:\/\/programmi.sky.it\/masterchef-italia\" target=\"_blank\" rel=\"nofollow noopener\">in esclusiva su Sky<\/a> e <a data-intcmp-qp=\"skytg24_foglia articolo_interlink_text\" href=\"https:\/\/www.nowtv.it\/masterchef\" target=\"_blank\" rel=\"nofollow noopener\">in streaming solo su NOW<\/a> e sar\u00e0 <strong>sempre disponibile on demand<\/strong> e<strong> visibile su Sky Go<\/strong>. <strong>Da venerd\u00ec 19 dicembre<\/strong>, inoltre, torner\u00e0 MasterChef Magazine, ricco tutti i giorni di ospiti, approfondimenti e sorprese sulla Masterclass della nuova stagione. Per il settimo anno di fila, i tre amatissimi Chef stellati <a data-intcmp=\"skytg24_foglia articolo_interlink_text\" href=\"https:\/\/tg24.sky.it\/spettacolo\/tv-show\/2025\/12\/10\/giudici-masterchef-2025\" target=\"_self\" rel=\"nofollow noopener\">Bruno Barbieri<\/a>, <strong>Antonino Cannavacciuolo<\/strong> e <strong>Giorgio Locatelli<\/strong> in veste di giudici riapriranno a decine di aspiranti chef le cucine di MasterChef Italia ed eleggeranno il nuovo MasterChef italiano, cio\u00e8 il Miglior chef amatoriale d\u2019Italia che dovr\u00e0 essere un conoscitore della tradizione e un ricercatore dell\u2019innovazione. Infatti, il principio fondamentale sar\u00e0 \u201cNulla si crea, nulla si distrugge, tutto si trasforma\u201d. Il vincitore si aggiudicher\u00e0 come premi 100 mila euro in gettoni d\u2019oro, la pubblicazione di un primo libro di ricette edito da Baldini+Castoldi e l\u2019accesso a un prestigioso corso di alta formazione presso ALMA \u2013 La Scuola Internazionale di Cucina Italiana.<\/p>\n<p>\t\t \tAL VIA CON I LIVE COOKING<\/p>\n<p>Nei primi due episodi della nuova stagione di MasterChef Italia gli aspiranti chef affronteranno i <strong>Live Cooking<\/strong>. Gli aspiranti membri della Masterclass avranno una prima preziosissima occasione per far conoscere s\u00e9 stessi e la propria idea di cucina ai giudici Chef Bruno Barbieri, Antonino Cannavacciuolo e Giorgio Locatelli, con 45 minuti per impostare il piatto dietro le quinte e 5 minuti per ultimarlo, raccontarlo e raccontarsi. Se conquisteranno tutti e tre i giudici, potranno indossare il <strong>grembiule bianco<\/strong> e diventare concorrenti ufficiali della Masterclass; se otterranno due s\u00ec su tre riceveranno invece il <strong>grembiule grigio<\/strong>, che li metter\u00e0 in stand-by; con un solo s\u00ec, o con nessun s\u00ec, dovranno infine <strong>tornare a casa<\/strong>. I concorrenti potranno inoltre scegliere di avvalersi del <strong>meccanismo \u201call-in\u201d<\/strong>: in cambio di 5 minuti in pi\u00f9 per chiudere il piatto, per un totale quindi di 10 minuti, dovranno convincere necessariamente tutti e tre i giudici. In tal caso, resteranno loro due sole possibilit\u00e0: o ottenere l\u2019unanimit\u00e0, e con essa il grembiule bianco, o abbandonare il sogno di entrare in Masterclass. Gi\u00e0 nei 45 minuti iniziali, la \u201cvedetta dei giudici\u201d <strong>Chiara Pavan<\/strong>, la Migliore Chef donna italiana per le Guide de L\u2019Espresso 2019 e la Migliore Chef donna per la Guida Identit\u00e0 Golose 2020, nonch\u00e9 componente gi\u00e0 nota nella famiglia di MasterChef Italia, sorveglier\u00e0 il lavoro dei cuochi e affiancher\u00e0 gli aspiranti chef nelle preparazioni con aiuti e consigli. Inoltre, durante i rispettivi colloqui, i tre giudici potrebbero chiedere delucidazioni su quello che ha visto dietro le quinte e dare un primissimo giudizio sulle loro abilit\u00e0. Terminata la carrellata di tutti gli aspiranti componenti della Masterclass, i grembiuli grigi affronteranno il <strong>Creative Test<\/strong>, una prova inedita basata su fantasia e creativit\u00e0 dei cuochi amatoriali grazie alla quale i giudici definiranno la Masterclass dell\u2019edizione. Nel corso delle puntate non mancheranno poi, <strong>sorprese nelle prove<\/strong>, <strong>esterne spettacolari<\/strong> e <strong>grandi ospiti<\/strong>, dall\u2019atteso ritorno di <strong>Jeremy Chan <\/strong>(chef e co-fondatore del ristorante Ikoyi a Londra), <strong>Ciccio Sultano<\/strong> (2 Stelle Michelin nel ristorante Duomo di Ragusa), <strong>Iginio e Debora Massari <\/strong>(con la temuta prova di pasticceria), <strong>Jessica Rosval<\/strong> (allieva di Massimo Bottura) con le donne del progetto Roots e <strong>\u00c1ngel Le\u00f3n<\/strong> (3 Stelle Michelin con il ristorante Aponiente a Cadice, in Spagna).<\/p>\n<p>\t\t\t<a class=\"c-inline-card j-inline-card c-inline-card--with-image\" href=\"https:\/\/tg24.sky.it\/spettacolo\/video\/2025\/12\/10\/masterchef-italia-2025-1058407\" rel=\"follow nofollow noopener\" data-intcmp=\"skytg24_articolo_approfondimenti_inline\" target=\"_blank\"><\/p>\n<p>\t\t\t         <img decoding=\"async\" crossorigin=\"anonymous\" alt=\"\" src=\"https:\/\/www.europesays.com\/it\/wp-content\/uploads\/2025\/12\/masterchef-italia-getty.jpg\"  loading=\"lazy\"  bad-src=\"https:\/\/www.europesays.com\/it\/wp-content\/uploads\/2025\/12\/masterchef-italia-getty.jpg\"\/><\/p>\n<p>\n\t\t\t         Approfondimento<br \/>\n\t\t\t         Masterchef Italia, la nuova edizione da gioved\u00ec su Sky Uno\n\t\t\t      <\/p>\n<p>\t\t\t<\/a><\/p>\n","protected":false},"excerpt":{"rendered":"La quindicesima edizione di MasterChef Italia (SPECIALE), il cooking show Sky Original prodotto da Endemol Shine Italy, sta&hellip;\n","protected":false},"author":3,"featured_media":256056,"comment_status":"","ping_status":"","sticky":false,"template":"","format":"standard","meta":{"footnotes":""},"categories":[1444],"tags":[87113,65086,203,15574,204,1537,90,89,120097,71990,214,253],"class_list":{"0":"post-256055","1":"post","2":"type-post","3":"status-publish","4":"format-standard","5":"has-post-thumbnail","7":"category-tv","8":"tag-antonino-cannavacciuolo","9":"tag-bruno-barbieri","10":"tag-entertainment","11":"tag-giorgio-locatelli","12":"tag-intrattenimento","13":"tag-it","14":"tag-italia","15":"tag-italy","16":"tag-masterchef-italia","17":"tag-sky-uno","18":"tag-spettacolo","19":"tag-tv"},"share_on_mastodon":{"url":"https:\/\/pubeurope.com\/@it\/115702023568057457","error":""},"_links":{"self":[{"href":"https:\/\/www.europesays.com\/it\/wp-json\/wp\/v2\/posts\/256055","targetHints":{"allow":["GET"]}}],"collection":[{"href":"https:\/\/www.europesays.com\/it\/wp-json\/wp\/v2\/posts"}],"about":[{"href":"https:\/\/www.europesays.com\/it\/wp-json\/wp\/v2\/types\/post"}],"author":[{"embeddable":true,"href":"https:\/\/www.europesays.com\/it\/wp-json\/wp\/v2\/users\/3"}],"replies":[{"embeddable":true,"href":"https:\/\/www.europesays.com\/it\/wp-json\/wp\/v2\/comments?post=256055"}],"version-history":[{"count":0,"href":"https:\/\/www.europesays.com\/it\/wp-json\/wp\/v2\/posts\/256055\/revisions"}],"wp:featuredmedia":[{"embeddable":true,"href":"https:\/\/www.europesays.com\/it\/wp-json\/wp\/v2\/media\/256056"}],"wp:attachment":[{"href":"https:\/\/www.europesays.com\/it\/wp-json\/wp\/v2\/media?parent=256055"}],"wp:term":[{"taxonomy":"category","embeddable":true,"href":"https:\/\/www.europesays.com\/it\/wp-json\/wp\/v2\/categories?post=256055"},{"taxonomy":"post_tag","embeddable":true,"href":"https:\/\/www.europesays.com\/it\/wp-json\/wp\/v2\/tags?post=256055"}],"curies":[{"name":"wp","href":"https:\/\/api.w.org\/{rel}","templated":true}]}}