{"id":256183,"date":"2025-12-11T18:55:14","date_gmt":"2025-12-11T18:55:14","guid":{"rendered":"https:\/\/www.europesays.com\/it\/256183\/"},"modified":"2025-12-11T18:55:14","modified_gmt":"2025-12-11T18:55:14","slug":"ecco-i-piloti-bmw-wrt-per-la-lmgt3-2026-senza-valentino-rossi","status":"publish","type":"post","link":"https:\/\/www.europesays.com\/it\/256183\/","title":{"rendered":"Ecco i piloti BMW-WRT per la LMGT3 2026 senza Valentino Rossi"},"content":{"rendered":"<p>Il Team WRT e BMW M Motorsport hanno ultimato le formazioni delle BMW iscritte alla Classe LMGT3 del FIA World Endurance Championship e dopo due anni non ci sar\u00e0 Valentino Rossi, come avevamo gi\u00e0 da tempo anticipato.<\/p>\n<p>Il &#8216;Dottore&#8217; nel 2026 si concentrer\u00e0 sulle gare del GT World Challenge ed Intercontinental GT Challenge, e i programmi completi verranno definiti pi\u00f9 avanti, compresa eventualmente una richiesta di partecipazione alla 24h di Le Mans tramite invito di ACO.<\/p>\n<p>Nel frattempo, dopo la pubblicazione dell&#8217;elenco iscritti avvenuta ad inizio settimana, la squadra belga ha ora tutti i suoi uomini per le M4 GT3 EVO, su cui erano gi\u00e0 stati indicati i due Bronze, ossia Darren Leung ed Anthony McIntosh.<\/p>\n<p>Al britannico, destinato alla vettura #32, si uniranno l&#8217;ufficiale Augusto Farfus e Sean Gelael in qualit\u00e0 di Silver, compagno di Leung ormai di vecchia data e di ritorno in BMW-WRT dopo un anno col collega in McLaren-United Autosports.<\/p>\n<p>   <img decoding=\"async\" draggable=\"false\" src=\"https:\/\/www.europesays.com\/it\/wp-content\/uploads\/2025\/12\/31-the-bend-team-wrt-bmw-m4-lm.jpg\" alt=\"#31 The Bend Team WRT BMW M4 LMGT3: Yasser Shahin, Timur Boguslavskiy, Augusto Farfus, #46 Team WRT BMW M4 LMGT3: Ahmad Al Harthy, Valentino Rossi, Kelvin Van Der Linde\" loading=\"lazy\" width=\"1200\" height=\"800\"\/> <\/p>\n<p class=\"title\">#31 The Bend Team WRT BMW M4 LMGT3: Yasser Shahin, Timur Boguslavskiy, Augusto Farfus, #46 Team WRT BMW M4 LMGT3: Ahmad Al Harthy, Valentino Rossi, Kelvin Van Der Linde<\/p>\n<p class=\"photographer\">Foto di: Andreas Beil<\/p>\n<p>\u201cNon vedo l&#8217;ora di correre di nuovo con Sean e Darren nella prossima stagione, abbiamo ottenuto molti successi con questa coppia nel 2024&#8243;, ha commentato Farfus.<\/p>\n<p>&#8220;Sar\u00e0 la nostra terza stagione nel FIA WEC e abbiamo molta pi\u00f9 esperienza rispetto ad allora. Di conseguenza, l&#8217;obiettivo \u00e8 quello di essere pienamente competitivi e lottare per il titolo mondiale\u201d.<\/p>\n<p>Per la #69 invece ci saranno anche il canadese Parker Thompson e una bella novit\u00e0, il giovane Dan Harper, che per la prima volta viene promosso nel Mondiale come Capitano dell&#8217;equipaggio.<\/p>\n<p>&#8220;Il FIA WEC \u00e8 un nuovo campionato con circuiti inediti per me. Sono estremamente entusiasta di partecipare ad un Mondiale e il momento clou sar\u00e0 ovviamente Le Mans. Sono orgoglioso di essere arrivato fin qui e di poter partecipare a questo evento&#8221;, ha detto Harper.<\/p>\n<p>&#8220;Negli ultimi anni ho acquisito molta esperienza lavorando con piloti Bronze. La mia prima impressione di Parker ed Anthony \u00e8 molto positiva. Insieme al Team WRT ci divertiremo sicuramente e formeremo una squadra forte. Prima di allora, non vedo l&#8217;ora di tornare a Daytona con Paul Miller Racing. \u00c8 una gara fantastica e dovremmo essere abbastanza forti da avere buone possibilit\u00e0 di vincere nella nostra Classe&#8221;.<\/p>\n<p>Su quest&#8217;ultimo punto, BMW ha anche definito i suoi portacolori ufficiali per l&#8217;IMSA SportsCar Championship, dove lo stesso Harper figura nel quartetto della M4 #1 di Paul Miller Racing nella gara d&#8217;apertura a Daytona, in supporto di Connor De Phillippi e Neil Verhagen, pi\u00f9 Max Hesse per le gare di Endurance Cup all&#8217;assalto della Classe GTD PRO.<\/p>\n<p>In GTD, invece, Robby Foley difender\u00e0 la bandiera di Turner Motorsport assieme a Patrick Gallagher per tutto l&#8217;anno, con Francis Selldorff in supporto per le gare pi\u00f9 lunghe e Jens Klingmann alla 24h che avr\u00e0 luogo in Florida a fine gennaio.<\/p>\n<p>            Vogliamo la vostra opinione!<\/p>\n<p class=\"mt-auto\">Cosa vorresti vedere su Motorsport.com?<\/p>\n<p>            <a href=\"#\" class=\"ms-link text-link font-bold\">Partecipate al nostro sondaggio di 5 minuti.<\/a><\/p>\n<p class=\"mt-1 text-body\">&#8211; Il team di Motorsport.com<\/p>\n","protected":false},"excerpt":{"rendered":"Il Team WRT e BMW M Motorsport hanno ultimato le formazioni delle BMW iscritte alla Classe LMGT3 del&hellip;\n","protected":false},"author":3,"featured_media":256184,"comment_status":"","ping_status":"","sticky":false,"template":"","format":"standard","meta":{"footnotes":"","_share_on_mastodon":"0"},"categories":[176],"tags":[150413,69285,150414,31044,1537,90,89,31043,245,244,69284,5510,31045,150412],"class_list":["post-256183","post","type-post","status-publish","format-standard","has-post-thumbnail","category-sport","tag-augusto-farfus","tag-bmw-m-motorsport","tag-dan-harper","tag-imsa","tag-it","tag-italia","tag-italy","tag-le-mans","tag-sport","tag-sports","tag-team-wrt","tag-valentino-rossi","tag-wec","tag-wec-ecco-i-piloti-bmw-wrt-per-la-lmgt3-2026-senza-valentino-rossi"],"share_on_mastodon":{"url":"https:\/\/pubeurope.com\/@it\/115702459753470743","error":""},"_links":{"self":[{"href":"https:\/\/www.europesays.com\/it\/wp-json\/wp\/v2\/posts\/256183","targetHints":{"allow":["GET"]}}],"collection":[{"href":"https:\/\/www.europesays.com\/it\/wp-json\/wp\/v2\/posts"}],"about":[{"href":"https:\/\/www.europesays.com\/it\/wp-json\/wp\/v2\/types\/post"}],"author":[{"embeddable":true,"href":"https:\/\/www.europesays.com\/it\/wp-json\/wp\/v2\/users\/3"}],"replies":[{"embeddable":true,"href":"https:\/\/www.europesays.com\/it\/wp-json\/wp\/v2\/comments?post=256183"}],"version-history":[{"count":0,"href":"https:\/\/www.europesays.com\/it\/wp-json\/wp\/v2\/posts\/256183\/revisions"}],"wp:featuredmedia":[{"embeddable":true,"href":"https:\/\/www.europesays.com\/it\/wp-json\/wp\/v2\/media\/256184"}],"wp:attachment":[{"href":"https:\/\/www.europesays.com\/it\/wp-json\/wp\/v2\/media?parent=256183"}],"wp:term":[{"taxonomy":"category","embeddable":true,"href":"https:\/\/www.europesays.com\/it\/wp-json\/wp\/v2\/categories?post=256183"},{"taxonomy":"post_tag","embeddable":true,"href":"https:\/\/www.europesays.com\/it\/wp-json\/wp\/v2\/tags?post=256183"}],"curies":[{"name":"wp","href":"https:\/\/api.w.org\/{rel}","templated":true}]}}