{"id":256810,"date":"2025-12-12T05:15:28","date_gmt":"2025-12-12T05:15:28","guid":{"rendered":"https:\/\/www.europesays.com\/it\/256810\/"},"modified":"2025-12-12T05:15:28","modified_gmt":"2025-12-12T05:15:28","slug":"lattacco-di-kiev-e-le-conseguenze-sul-traffico-commerciale","status":"publish","type":"post","link":"https:\/\/www.europesays.com\/it\/256810\/","title":{"rendered":"l&#8217;attacco di Kiev e le conseguenze sul traffico commerciale"},"content":{"rendered":"<p>\n                            Il punto sui temi di attualit\u00e0, ogni luned\u00ec<br \/>\n                            <b>Iscriviti<\/b> e ricevi le notizie via email\n                        <\/p>\n<p>Si chiama &#8220;<strong>Dashan<\/strong>&#8220;, batte bandiera delle Comore e da tempo \u00e8 sotto\u00a0sanzioni da parte dell&#8217;Unione Europea e della Gran Bretagna. Questo l&#8217;identikit dell&#8217;ultima <strong><a href=\"https:\/\/www.ilmessaggero.it\/t\/petroliera-\" rel=\"nofollow noopener\" target=\"_blank\">petroliera<\/a>\u00a0<\/strong>della <strong><a href=\"https:\/\/www.ilmessaggero.it\/t\/flotta-ombra-russa\" rel=\"nofollow noopener\" target=\"_blank\">flotta ombra russa<\/a><\/strong> colpita nel <strong><a href=\"https:\/\/www.ilmessaggero.it\/t\/mar-nero\" rel=\"nofollow noopener\" target=\"_blank\">Mar Nero<\/a><\/strong> dai droni navali dei servizi ucraini.\u00a0La nave, che procedeva con il transponder spento mentre attraversava la zona economica esclusiva dell&#8217;<strong><a href=\"https:\/\/www.ilmessaggero.it\/t\/ucraina\" rel=\"nofollow noopener\" target=\"_blank\">Ucraina<\/a><\/strong>, era diretta verso il porto russo di Novorossiysk quando \u00e8 stata raggiunta dai <strong><a href=\"https:\/\/www.ilmessaggero.it\/t\/droni-marini\" rel=\"nofollow noopener\" target=\"_blank\">droni marini<\/a><\/strong> sviluppati dall&#8217;intelligence di Kiev e dalla Marina ucraina. L&#8217;attacco, condotto con i mezzi senza pilota noti come <strong><a href=\"https:\/\/www.ilmessaggero.it\/t\/sea-baby\" rel=\"nofollow noopener\" target=\"_blank\">Sea Baby<\/a><\/strong>, ha colpito la poppa della petroliera provocando un&#8217;esplosione che, secondo fonti dei servizi, avrebbe causato &#8220;danni critici&#8221;\u00a0alla propulsione della Dashan.<\/p>\n<p>&#13;<br \/>\n    APPROFONDIMENTI&#13;<br \/>\n    &#13;<\/p>\n<p> L&#8217;attacco (il terzo in due settimane) <\/p>\n<p>L\u2019operazione si inserisce nella strategia ucraina di colpire la cosiddetta &#8220;flotta ombra&#8221; russa, la rete di navi che secondo Kiev Mosca utilizza per eludere le sanzioni occidentali e continuare a esportare greggio. \u00c8 il terzo attacco in meno di due settimane, dopo quelli che avevano gi\u00e0 messo fuori uso le petroliere Kairos e Virat, segnando un&#8217;escalation nel tentativo di erodere i proventi energetici della Russia.<\/p>\n<blockquote class=\"twitter-tweet\" wp_automatic_readability=\"9.2673992673993\">\n<p dir=\"ltr\" lang=\"en\">Footage of Ukrainian sea drones repeatedly striking the Russian dark fleet oil tanker Dashan in the Black Sea earlier today.<\/p>\n<p>The tanker was headed to pick up oil from the port of Novorossiysk. <a href=\"https:\/\/t.co\/T8ervOdOQM\" rel=\"nofollow\">pic.twitter.com\/T8ervOdOQM<\/a><\/p>\n<p> \u2014 OSINTtechnical (@Osinttechnical) <a href=\"https:\/\/twitter.com\/Osinttechnical\/status\/1998802262483771762?ref_src=twsrc%5Etfw\" rel=\"nofollow noopener\" target=\"_blank\">December 10, 2025<\/a><\/p>\n<\/blockquote>\n<p>  Le conseguenze <\/p>\n<p>L&#8217;attacco ha avuto anche immediate conseguenze sul traffico commerciale nel Mar Nero. <\/p>\n<p>Le compagnie assicurative, gi\u00e0 in allarme dopo i precedenti raid, stanno rivalutando i rischi per le navi che operano nella regione e i premi per le polizze marittime hanno subito nuovi rincari. Per Kiev, per\u00f2, il costo crescente per i trasportatori \u00e8 parte della pressione economica che mira a ridurre la capacit\u00e0 di Mosca di finanziare la guerra.La reazione del Cremlino <\/p>\n<p>Dalla Russia non sono arrivate reazioni ufficiali. Nei giorni precedenti, tuttavia, il presidente Vladimir Putin aveva definito questi attacchi &#8220;atti di pirateria&#8221;, minacciando contromisure per limitare l\u2019accesso dell\u2019Ucraina al Mar Nero. Il silenzio delle autorit\u00e0 russe dopo l\u2019episodio della Dashan lascia per\u00f2 intendere una certa cautela, in un momento in cui la vulnerabilit\u00e0 delle rotte energetiche sta diventando un tema sensibile per il Cremlino.<\/p>\n<p>&#13;<br \/>\n                            \u00a9 RIPRODUZIONE RISERVATA&#13;<\/p>\n<p>&#13;<\/p>\n<p>            <script async src=\"https:\/\/platform.twitter.com\/widgets.js\" charset=\"utf-8\"><\/script><\/p>\n","protected":false},"excerpt":{"rendered":"Il punto sui temi di attualit\u00e0, ogni luned\u00ec Iscriviti e ricevi le notizie via email Si chiama &#8220;Dashan&#8220;,&hellip;\n","protected":false},"author":3,"featured_media":256811,"comment_status":"","ping_status":"","sticky":false,"template":"","format":"standard","meta":{"footnotes":""},"categories":[160],"tags":[14,164,165,30538,90794,3576,76352,166,7,15,89642,112835,170,11,167,12,168,161,162,163],"class_list":{"0":"post-256810","1":"post","2":"type-post","3":"status-publish","4":"format-standard","5":"has-post-thumbnail","7":"category-mondo","8":"tag-cronaca","9":"tag-dal-mondo","10":"tag-dalmondo","11":"tag-flotta-ombra","12":"tag-flotta-ombra-russa","13":"tag-guerra-ucraina","14":"tag-mar-nero","15":"tag-mondo","16":"tag-news","17":"tag-notizie","18":"tag-petroliera","19":"tag-petroliera-russa","20":"tag-ucraina","21":"tag-ultime-notizie","22":"tag-ultime-notizie-di-mondo","23":"tag-ultimenotizie","24":"tag-ultimenotiziedimondo","25":"tag-world","26":"tag-world-news","27":"tag-worldnews"},"share_on_mastodon":{"url":"https:\/\/pubeurope.com\/@it\/115704897543034464","error":""},"_links":{"self":[{"href":"https:\/\/www.europesays.com\/it\/wp-json\/wp\/v2\/posts\/256810","targetHints":{"allow":["GET"]}}],"collection":[{"href":"https:\/\/www.europesays.com\/it\/wp-json\/wp\/v2\/posts"}],"about":[{"href":"https:\/\/www.europesays.com\/it\/wp-json\/wp\/v2\/types\/post"}],"author":[{"embeddable":true,"href":"https:\/\/www.europesays.com\/it\/wp-json\/wp\/v2\/users\/3"}],"replies":[{"embeddable":true,"href":"https:\/\/www.europesays.com\/it\/wp-json\/wp\/v2\/comments?post=256810"}],"version-history":[{"count":0,"href":"https:\/\/www.europesays.com\/it\/wp-json\/wp\/v2\/posts\/256810\/revisions"}],"wp:featuredmedia":[{"embeddable":true,"href":"https:\/\/www.europesays.com\/it\/wp-json\/wp\/v2\/media\/256811"}],"wp:attachment":[{"href":"https:\/\/www.europesays.com\/it\/wp-json\/wp\/v2\/media?parent=256810"}],"wp:term":[{"taxonomy":"category","embeddable":true,"href":"https:\/\/www.europesays.com\/it\/wp-json\/wp\/v2\/categories?post=256810"},{"taxonomy":"post_tag","embeddable":true,"href":"https:\/\/www.europesays.com\/it\/wp-json\/wp\/v2\/tags?post=256810"}],"curies":[{"name":"wp","href":"https:\/\/api.w.org\/{rel}","templated":true}]}}